{"id":9733,"date":"2024-11-25T09:15:19","date_gmt":"2024-11-25T08:15:19","guid":{"rendered":"http:\/\/www.kunstprofil-gso.de\/?p=9733"},"modified":"2024-11-25T09:15:51","modified_gmt":"2024-11-25T08:15:51","slug":"treppenmode","status":"publish","type":"post","link":"http:\/\/www.kunstprofil-gso.de\/?p=9733","title":{"rendered":"Mode auf der Treppe?"},"content":{"rendered":"<p>Die Supermodels aus der 9.3 (Theaterklasse) posieren hier mit einem zweckentfremdeten Teil des B\u00fchnenbildes der n\u00e4chsten Stadtteiloper. Die Vogel-f\u00f6rmigen Bildchen sind aus der 9.3, die anderen aus den beiden Oberstufenkursen. Fotos: Meryem.<\/p>\n<p><a href=\"http:\/\/www.kunstprofil-gso.de\/wp-content\/uploads\/2024\/11\/Stenzkleid-1-scaled.jpeg\" rel=\"wpdevart_lightbox\"><img loading=\"lazy\" decoding=\"async\" class=\"alignleft size-thumbnail wp-image-9734\" src=\"http:\/\/www.kunstprofil-gso.de\/wp-content\/uploads\/2024\/11\/Stenzkleid-1-180x180.jpeg\" alt=\"\" width=\"180\" height=\"180\" \/><\/a> <a href=\"http:\/\/www.kunstprofil-gso.de\/wp-content\/uploads\/2024\/11\/Stenzkleid-2-scaled.jpeg\" rel=\"wpdevart_lightbox\"><img loading=\"lazy\" decoding=\"async\" class=\"alignleft size-thumbnail wp-image-9735\" src=\"http:\/\/www.kunstprofil-gso.de\/wp-content\/uploads\/2024\/11\/Stenzkleid-2-180x180.jpeg\" alt=\"\" width=\"180\" height=\"180\" \/><\/a> <a href=\"http:\/\/www.kunstprofil-gso.de\/wp-content\/uploads\/2024\/11\/Stenzkleid-3-scaled.jpeg\" rel=\"wpdevart_lightbox\"><img loading=\"lazy\" decoding=\"async\" class=\"alignleft size-thumbnail wp-image-9736\" src=\"http:\/\/www.kunstprofil-gso.de\/wp-content\/uploads\/2024\/11\/Stenzkleid-3-180x180.jpeg\" alt=\"\" width=\"180\" height=\"180\" \/><\/a> <a href=\"http:\/\/www.kunstprofil-gso.de\/wp-content\/uploads\/2024\/11\/Stenzkleid-5-scaled.jpeg\" rel=\"wpdevart_lightbox\"><img loading=\"lazy\" decoding=\"async\" class=\"alignleft size-thumbnail wp-image-9738\" src=\"http:\/\/www.kunstprofil-gso.de\/wp-content\/uploads\/2024\/11\/Stenzkleid-5-180x180.jpeg\" alt=\"\" width=\"180\" height=\"180\" \/><\/a> <a href=\"http:\/\/www.kunstprofil-gso.de\/wp-content\/uploads\/2024\/11\/Stenzkleid-6-scaled.jpeg\" rel=\"wpdevart_lightbox\"><img loading=\"lazy\" decoding=\"async\" class=\"alignleft size-thumbnail wp-image-9739\" src=\"http:\/\/www.kunstprofil-gso.de\/wp-content\/uploads\/2024\/11\/Stenzkleid-6-180x180.jpeg\" alt=\"\" width=\"180\" height=\"180\" \/><\/a> <a href=\"http:\/\/www.kunstprofil-gso.de\/wp-content\/uploads\/2024\/11\/Stenzkleid-7-scaled.jpeg\" rel=\"wpdevart_lightbox\"><img loading=\"lazy\" decoding=\"async\" class=\"alignleft size-thumbnail wp-image-9740\" src=\"http:\/\/www.kunstprofil-gso.de\/wp-content\/uploads\/2024\/11\/Stenzkleid-7-180x180.jpeg\" alt=\"\" width=\"180\" height=\"180\" \/><\/a> <a href=\"http:\/\/www.kunstprofil-gso.de\/wp-content\/uploads\/2024\/11\/Stenzkleid-8-scaled.jpeg\" rel=\"wpdevart_lightbox\"><img loading=\"lazy\" decoding=\"async\" class=\"alignleft size-thumbnail wp-image-9741\" src=\"http:\/\/www.kunstprofil-gso.de\/wp-content\/uploads\/2024\/11\/Stenzkleid-8-180x180.jpeg\" alt=\"\" width=\"180\" height=\"180\" \/><\/a> <a href=\"http:\/\/www.kunstprofil-gso.de\/wp-content\/uploads\/2024\/11\/Stenzkleid-9-scaled.jpeg\" rel=\"wpdevart_lightbox\"><img loading=\"lazy\" decoding=\"async\" class=\"alignleft size-thumbnail wp-image-9742\" src=\"http:\/\/www.kunstprofil-gso.de\/wp-content\/uploads\/2024\/11\/Stenzkleid-9-180x180.jpeg\" alt=\"\" width=\"180\" height=\"180\" \/><\/a> <a href=\"http:\/\/www.kunstprofil-gso.de\/wp-content\/uploads\/2024\/11\/Stenzkleid-10-scaled.jpeg\" rel=\"wpdevart_lightbox\"><img loading=\"lazy\" decoding=\"async\" class=\"alignleft size-thumbnail wp-image-9743\" src=\"http:\/\/www.kunstprofil-gso.de\/wp-content\/uploads\/2024\/11\/Stenzkleid-10-180x180.jpeg\" alt=\"\" width=\"180\" height=\"180\" \/><\/a><\/p>\n","protected":false},"excerpt":{"rendered":"<p>Die Supermodels aus der 9.3 (Theaterklasse) posieren hier mit einem zweckentfremdeten Teil des B\u00fchnenbildes der n\u00e4chsten Stadtteiloper. Die Vogel-f\u00f6rmigen Bildchen sind aus der 9.3, die anderen aus den beiden Oberstufenkursen. Fotos: Meryem.<\/p>\n","protected":false},"author":1,"featured_media":9737,"comment_status":"open","ping_status":"open","sticky":false,"template":"","format":"standard","meta":{"footnotes":""},"categories":[22,7,42],"tags":[],"class_list":["post-9733","post","type-post","status-publish","format-standard","has-post-thumbnail","hentry","category-kostueme-und-requisiten","category-maskerade","category-treppen"],"_links":{"self":[{"href":"http:\/\/www.kunstprofil-gso.de\/index.php?rest_route=\/wp\/v2\/posts\/9733","targetHints":{"allow":["GET"]}}],"collection":[{"href":"http:\/\/www.kunstprofil-gso.de\/index.php?rest_route=\/wp\/v2\/posts"}],"about":[{"href":"http:\/\/www.kunstprofil-gso.de\/index.php?rest_route=\/wp\/v2\/types\/post"}],"author":[{"embeddable":true,"href":"http:\/\/www.kunstprofil-gso.de\/index.php?rest_route=\/wp\/v2\/users\/1"}],"replies":[{"embeddable":true,"href":"http:\/\/www.kunstprofil-gso.de\/index.php?rest_route=%2Fwp%2Fv2%2Fcomments&post=9733"}],"version-history":[{"count":2,"href":"http:\/\/www.kunstprofil-gso.de\/index.php?rest_route=\/wp\/v2\/posts\/9733\/revisions"}],"predecessor-version":[{"id":9745,"href":"http:\/\/www.kunstprofil-gso.de\/index.php?rest_route=\/wp\/v2\/posts\/9733\/revisions\/9745"}],"wp:featuredmedia":[{"embeddable":true,"href":"http:\/\/www.kunstprofil-gso.de\/index.php?rest_route=\/wp\/v2\/media\/9737"}],"wp:attachment":[{"href":"http:\/\/www.kunstprofil-gso.de\/index.php?rest_route=%2Fwp%2Fv2%2Fmedia&parent=9733"}],"wp:term":[{"taxonomy":"category","embeddable":true,"href":"http:\/\/www.kunstprofil-gso.de\/index.php?rest_route=%2Fwp%2Fv2%2Fcategories&post=9733"},{"taxonomy":"post_tag","embeddable":true,"href":"http:\/\/www.kunstprofil-gso.de\/index.php?rest_route=%2Fwp%2Fv2%2Ftags&post=9733"}],"curies":[{"name":"wp","href":"https:\/\/api.w.org\/{rel}","templated":true}]}}