{"id":9651,"date":"2024-10-12T11:05:43","date_gmt":"2024-10-12T09:05:43","guid":{"rendered":"http:\/\/www.kunstprofil-gso.de\/?p=9651"},"modified":"2024-10-12T11:05:43","modified_gmt":"2024-10-12T09:05:43","slug":"einstuerzende-baukloetze","status":"publish","type":"post","link":"http:\/\/www.kunstprofil-gso.de\/?p=9651","title":{"rendered":"Einst\u00fcrzende Baukl\u00f6tze!"},"content":{"rendered":"<p>Aus Krankheitsgr\u00fcnden war die Klasse 9.3 nur zur H\u00e4lfte im Kunstunterricht und hat dann aber ordentlich rangeklotzt (Achtung Wortspiel) und im richtigen Moment den Ausl\u00f6ser bet\u00e4tigt. Scheint den Anwesenden irgendwie Spass gemacht zu haben.<\/p>\n<div style=\"width: 625px;\" class=\"wp-video\"><video class=\"wp-video-shortcode\" id=\"video-9651-1\" width=\"625\" height=\"352\" poster=\"http:\/\/www.kunstprofil-gso.de\/wp-content\/uploads\/2024\/10\/einsturz-m4v-image.jpg\" preload=\"metadata\" controls=\"controls\"><source type=\"video\/mp4\" src=\"http:\/\/www.kunstprofil-gso.de\/wp-content\/uploads\/2024\/10\/einsturz.m4v?_=1\" \/><a href=\"http:\/\/www.kunstprofil-gso.de\/wp-content\/uploads\/2024\/10\/einsturz.m4v\">http:\/\/www.kunstprofil-gso.de\/wp-content\/uploads\/2024\/10\/einsturz.m4v<\/a><\/video><\/div>\n<p><a href=\"http:\/\/www.kunstprofil-gso.de\/wp-content\/uploads\/2024\/10\/einstue-9-scaled.jpeg\" rel=\"wpdevart_lightbox\"><img loading=\"lazy\" decoding=\"async\" class=\"alignleft size-thumbnail wp-image-9662\" src=\"http:\/\/www.kunstprofil-gso.de\/wp-content\/uploads\/2024\/10\/einstue-9-180x180.jpeg\" alt=\"\" width=\"180\" height=\"180\" \/><\/a> <a href=\"http:\/\/www.kunstprofil-gso.de\/wp-content\/uploads\/2024\/10\/einstue-8-scaled.jpeg\" rel=\"wpdevart_lightbox\"><img loading=\"lazy\" decoding=\"async\" class=\"alignleft size-thumbnail wp-image-9661\" src=\"http:\/\/www.kunstprofil-gso.de\/wp-content\/uploads\/2024\/10\/einstue-8-180x180.jpeg\" alt=\"\" width=\"180\" height=\"180\" \/><\/a> <a href=\"http:\/\/www.kunstprofil-gso.de\/wp-content\/uploads\/2024\/10\/einstue-7-scaled.jpeg\" rel=\"wpdevart_lightbox\"><img loading=\"lazy\" decoding=\"async\" class=\"alignleft size-thumbnail wp-image-9660\" src=\"http:\/\/www.kunstprofil-gso.de\/wp-content\/uploads\/2024\/10\/einstue-7-180x180.jpeg\" alt=\"\" width=\"180\" height=\"180\" \/><\/a> <a href=\"http:\/\/www.kunstprofil-gso.de\/wp-content\/uploads\/2024\/10\/einstue-6-scaled.jpeg\" rel=\"wpdevart_lightbox\"><img loading=\"lazy\" decoding=\"async\" class=\"alignleft size-thumbnail wp-image-9659\" src=\"http:\/\/www.kunstprofil-gso.de\/wp-content\/uploads\/2024\/10\/einstue-6-180x180.jpeg\" alt=\"\" width=\"180\" height=\"180\" \/><\/a> <a href=\"http:\/\/www.kunstprofil-gso.de\/wp-content\/uploads\/2024\/10\/einstue-5-scaled.jpeg\" rel=\"wpdevart_lightbox\"><img loading=\"lazy\" decoding=\"async\" class=\"alignleft size-thumbnail wp-image-9658\" src=\"http:\/\/www.kunstprofil-gso.de\/wp-content\/uploads\/2024\/10\/einstue-5-180x180.jpeg\" alt=\"\" width=\"180\" height=\"180\" \/><\/a> <a href=\"http:\/\/www.kunstprofil-gso.de\/wp-content\/uploads\/2024\/10\/einstue-4-scaled.jpeg\" rel=\"wpdevart_lightbox\"><img loading=\"lazy\" decoding=\"async\" class=\"alignleft size-thumbnail wp-image-9657\" src=\"http:\/\/www.kunstprofil-gso.de\/wp-content\/uploads\/2024\/10\/einstue-4-180x180.jpeg\" alt=\"\" width=\"180\" height=\"180\" \/><\/a> <a href=\"http:\/\/www.kunstprofil-gso.de\/wp-content\/uploads\/2024\/10\/einstue-2-scaled.jpeg\" rel=\"wpdevart_lightbox\"><img loading=\"lazy\" decoding=\"async\" class=\"alignleft size-thumbnail wp-image-9655\" src=\"http:\/\/www.kunstprofil-gso.de\/wp-content\/uploads\/2024\/10\/einstue-2-180x180.jpeg\" alt=\"\" width=\"180\" height=\"180\" \/><\/a> <a href=\"http:\/\/www.kunstprofil-gso.de\/wp-content\/uploads\/2024\/10\/einstue-1-scaled.jpeg\" rel=\"wpdevart_lightbox\"><img loading=\"lazy\" decoding=\"async\" class=\"alignleft size-thumbnail wp-image-9654\" src=\"http:\/\/www.kunstprofil-gso.de\/wp-content\/uploads\/2024\/10\/einstue-1-180x180.jpeg\" alt=\"\" width=\"180\" height=\"180\" \/><\/a><\/p>\n","protected":false},"excerpt":{"rendered":"<p>Aus Krankheitsgr\u00fcnden war die Klasse 9.3 nur zur H\u00e4lfte im Kunstunterricht und hat dann aber ordentlich rangeklotzt (Achtung Wortspiel) und im richtigen Moment den Ausl\u00f6ser bet\u00e4tigt. Scheint den Anwesenden irgendwie Spass gemacht zu haben.<\/p>\n","protected":false},"author":1,"featured_media":9656,"comment_status":"open","ping_status":"open","sticky":false,"template":"","format":"standard","meta":{"footnotes":""},"categories":[1,30,49],"tags":[],"class_list":["post-9651","post","type-post","status-publish","format-standard","has-post-thumbnail","hentry","category-allgemein","category-experimentelles","category-skulpturplastik"],"_links":{"self":[{"href":"http:\/\/www.kunstprofil-gso.de\/index.php?rest_route=\/wp\/v2\/posts\/9651","targetHints":{"allow":["GET"]}}],"collection":[{"href":"http:\/\/www.kunstprofil-gso.de\/index.php?rest_route=\/wp\/v2\/posts"}],"about":[{"href":"http:\/\/www.kunstprofil-gso.de\/index.php?rest_route=\/wp\/v2\/types\/post"}],"author":[{"embeddable":true,"href":"http:\/\/www.kunstprofil-gso.de\/index.php?rest_route=\/wp\/v2\/users\/1"}],"replies":[{"embeddable":true,"href":"http:\/\/www.kunstprofil-gso.de\/index.php?rest_route=%2Fwp%2Fv2%2Fcomments&post=9651"}],"version-history":[{"count":1,"href":"http:\/\/www.kunstprofil-gso.de\/index.php?rest_route=\/wp\/v2\/posts\/9651\/revisions"}],"predecessor-version":[{"id":9663,"href":"http:\/\/www.kunstprofil-gso.de\/index.php?rest_route=\/wp\/v2\/posts\/9651\/revisions\/9663"}],"wp:featuredmedia":[{"embeddable":true,"href":"http:\/\/www.kunstprofil-gso.de\/index.php?rest_route=\/wp\/v2\/media\/9656"}],"wp:attachment":[{"href":"http:\/\/www.kunstprofil-gso.de\/index.php?rest_route=%2Fwp%2Fv2%2Fmedia&parent=9651"}],"wp:term":[{"taxonomy":"category","embeddable":true,"href":"http:\/\/www.kunstprofil-gso.de\/index.php?rest_route=%2Fwp%2Fv2%2Fcategories&post=9651"},{"taxonomy":"post_tag","embeddable":true,"href":"http:\/\/www.kunstprofil-gso.de\/index.php?rest_route=%2Fwp%2Fv2%2Ftags&post=9651"}],"curies":[{"name":"wp","href":"https:\/\/api.w.org\/{rel}","templated":true}]}}