{"id":6557,"date":"2020-02-16T13:59:33","date_gmt":"2020-02-16T12:59:33","guid":{"rendered":"http:\/\/www.kunstprofil-gso.de\/?p=6557"},"modified":"2020-02-16T13:59:33","modified_gmt":"2020-02-16T12:59:33","slug":"maeuse-chinesisch","status":"publish","type":"post","link":"http:\/\/www.kunstprofil-gso.de\/?p=6557","title":{"rendered":"M\u00e4use, chinesisch"},"content":{"rendered":"<p>aus dem Tuschekurs, den Sebastian von Yishuge wieder einmal an unserer Schule durchf\u00fchrte. Hier mit der Klasse 7.4, die erst ihren Namen (auf chinesisch nat\u00fcrlich) und dann im chinesischen Tusche-Stil M\u00e4use gemalt haben.<\/p>\n<p><a href=\"http:\/\/www.kunstprofil-gso.de\/wp-content\/uploads\/2020\/02\/m\u00e4use-10.jpg\" rel=\"wpdevart_lightbox\"><img loading=\"lazy\" decoding=\"async\" class=\"alignleft size-thumbnail wp-image-6569\" src=\"http:\/\/www.kunstprofil-gso.de\/wp-content\/uploads\/2020\/02\/m\u00e4use-10-180x180.jpg\" alt=\"\" width=\"180\" height=\"180\" srcset=\"http:\/\/www.kunstprofil-gso.de\/wp-content\/uploads\/2020\/02\/m\u00e4use-10-180x180.jpg 180w, http:\/\/www.kunstprofil-gso.de\/wp-content\/uploads\/2020\/02\/m\u00e4use-10-200x200.jpg 200w, http:\/\/www.kunstprofil-gso.de\/wp-content\/uploads\/2020\/02\/m\u00e4use-10-768x768.jpg 768w, http:\/\/www.kunstprofil-gso.de\/wp-content\/uploads\/2020\/02\/m\u00e4use-10-624x624.jpg 624w, http:\/\/www.kunstprofil-gso.de\/wp-content\/uploads\/2020\/02\/m\u00e4use-10.jpg 1500w\" sizes=\"auto, (max-width: 180px) 100vw, 180px\" \/><\/a> <a href=\"http:\/\/www.kunstprofil-gso.de\/wp-content\/uploads\/2020\/02\/m\u00e4use-9.jpg\" rel=\"wpdevart_lightbox\"><img loading=\"lazy\" decoding=\"async\" class=\"alignleft size-thumbnail wp-image-6568\" src=\"http:\/\/www.kunstprofil-gso.de\/wp-content\/uploads\/2020\/02\/m\u00e4use-9-180x180.jpg\" alt=\"\" width=\"180\" height=\"180\" srcset=\"http:\/\/www.kunstprofil-gso.de\/wp-content\/uploads\/2020\/02\/m\u00e4use-9-180x180.jpg 180w, http:\/\/www.kunstprofil-gso.de\/wp-content\/uploads\/2020\/02\/m\u00e4use-9-200x200.jpg 200w, http:\/\/www.kunstprofil-gso.de\/wp-content\/uploads\/2020\/02\/m\u00e4use-9-768x768.jpg 768w, http:\/\/www.kunstprofil-gso.de\/wp-content\/uploads\/2020\/02\/m\u00e4use-9-624x624.jpg 624w, http:\/\/www.kunstprofil-gso.de\/wp-content\/uploads\/2020\/02\/m\u00e4use-9.jpg 1500w\" sizes=\"auto, (max-width: 180px) 100vw, 180px\" \/><\/a> <a href=\"http:\/\/www.kunstprofil-gso.de\/wp-content\/uploads\/2020\/02\/m\u00e4use-7.jpg\" rel=\"wpdevart_lightbox\"><img loading=\"lazy\" decoding=\"async\" class=\"alignleft size-thumbnail wp-image-6566\" src=\"http:\/\/www.kunstprofil-gso.de\/wp-content\/uploads\/2020\/02\/m\u00e4use-7-180x180.jpg\" alt=\"\" width=\"180\" height=\"180\" srcset=\"http:\/\/www.kunstprofil-gso.de\/wp-content\/uploads\/2020\/02\/m\u00e4use-7-180x180.jpg 180w, http:\/\/www.kunstprofil-gso.de\/wp-content\/uploads\/2020\/02\/m\u00e4use-7-200x200.jpg 200w, http:\/\/www.kunstprofil-gso.de\/wp-content\/uploads\/2020\/02\/m\u00e4use-7-768x768.jpg 768w, http:\/\/www.kunstprofil-gso.de\/wp-content\/uploads\/2020\/02\/m\u00e4use-7-624x624.jpg 624w, http:\/\/www.kunstprofil-gso.de\/wp-content\/uploads\/2020\/02\/m\u00e4use-7.jpg 1500w\" sizes=\"auto, (max-width: 180px) 100vw, 180px\" \/><\/a> <a href=\"http:\/\/www.kunstprofil-gso.de\/wp-content\/uploads\/2020\/02\/m\u00e4use-6.jpg\" rel=\"wpdevart_lightbox\"><img loading=\"lazy\" decoding=\"async\" class=\"alignleft size-thumbnail wp-image-6565\" src=\"http:\/\/www.kunstprofil-gso.de\/wp-content\/uploads\/2020\/02\/m\u00e4use-6-180x180.jpg\" alt=\"\" width=\"180\" height=\"180\" srcset=\"http:\/\/www.kunstprofil-gso.de\/wp-content\/uploads\/2020\/02\/m\u00e4use-6-180x180.jpg 180w, http:\/\/www.kunstprofil-gso.de\/wp-content\/uploads\/2020\/02\/m\u00e4use-6-200x200.jpg 200w, http:\/\/www.kunstprofil-gso.de\/wp-content\/uploads\/2020\/02\/m\u00e4use-6-768x768.jpg 768w, http:\/\/www.kunstprofil-gso.de\/wp-content\/uploads\/2020\/02\/m\u00e4use-6-624x624.jpg 624w, http:\/\/www.kunstprofil-gso.de\/wp-content\/uploads\/2020\/02\/m\u00e4use-6.jpg 1500w\" sizes=\"auto, (max-width: 180px) 100vw, 180px\" \/><\/a> <a href=\"http:\/\/www.kunstprofil-gso.de\/wp-content\/uploads\/2020\/02\/m\u00e4use-5.jpg\" rel=\"wpdevart_lightbox\"><img loading=\"lazy\" decoding=\"async\" class=\"alignleft size-thumbnail wp-image-6564\" src=\"http:\/\/www.kunstprofil-gso.de\/wp-content\/uploads\/2020\/02\/m\u00e4use-5-180x180.jpg\" alt=\"\" width=\"180\" height=\"180\" srcset=\"http:\/\/www.kunstprofil-gso.de\/wp-content\/uploads\/2020\/02\/m\u00e4use-5-180x180.jpg 180w, http:\/\/www.kunstprofil-gso.de\/wp-content\/uploads\/2020\/02\/m\u00e4use-5-200x200.jpg 200w, http:\/\/www.kunstprofil-gso.de\/wp-content\/uploads\/2020\/02\/m\u00e4use-5-768x768.jpg 768w, http:\/\/www.kunstprofil-gso.de\/wp-content\/uploads\/2020\/02\/m\u00e4use-5-624x624.jpg 624w, http:\/\/www.kunstprofil-gso.de\/wp-content\/uploads\/2020\/02\/m\u00e4use-5.jpg 1500w\" sizes=\"auto, (max-width: 180px) 100vw, 180px\" \/><\/a> <a href=\"http:\/\/www.kunstprofil-gso.de\/wp-content\/uploads\/2020\/02\/m\u00e4use-4.jpg\" rel=\"wpdevart_lightbox\"><img loading=\"lazy\" decoding=\"async\" class=\"alignleft size-thumbnail wp-image-6563\" src=\"http:\/\/www.kunstprofil-gso.de\/wp-content\/uploads\/2020\/02\/m\u00e4use-4-180x180.jpg\" alt=\"\" width=\"180\" height=\"180\" srcset=\"http:\/\/www.kunstprofil-gso.de\/wp-content\/uploads\/2020\/02\/m\u00e4use-4-180x180.jpg 180w, http:\/\/www.kunstprofil-gso.de\/wp-content\/uploads\/2020\/02\/m\u00e4use-4-200x200.jpg 200w, http:\/\/www.kunstprofil-gso.de\/wp-content\/uploads\/2020\/02\/m\u00e4use-4-768x768.jpg 768w, http:\/\/www.kunstprofil-gso.de\/wp-content\/uploads\/2020\/02\/m\u00e4use-4-624x624.jpg 624w, http:\/\/www.kunstprofil-gso.de\/wp-content\/uploads\/2020\/02\/m\u00e4use-4.jpg 1500w\" sizes=\"auto, (max-width: 180px) 100vw, 180px\" \/><\/a> <a href=\"http:\/\/www.kunstprofil-gso.de\/wp-content\/uploads\/2020\/02\/m\u00e4use-3.jpg\" rel=\"wpdevart_lightbox\"><img loading=\"lazy\" decoding=\"async\" class=\"alignleft size-thumbnail wp-image-6562\" src=\"http:\/\/www.kunstprofil-gso.de\/wp-content\/uploads\/2020\/02\/m\u00e4use-3-180x180.jpg\" alt=\"\" width=\"180\" height=\"180\" srcset=\"http:\/\/www.kunstprofil-gso.de\/wp-content\/uploads\/2020\/02\/m\u00e4use-3-180x180.jpg 180w, http:\/\/www.kunstprofil-gso.de\/wp-content\/uploads\/2020\/02\/m\u00e4use-3-200x200.jpg 200w, http:\/\/www.kunstprofil-gso.de\/wp-content\/uploads\/2020\/02\/m\u00e4use-3-768x768.jpg 768w, http:\/\/www.kunstprofil-gso.de\/wp-content\/uploads\/2020\/02\/m\u00e4use-3-624x624.jpg 624w, http:\/\/www.kunstprofil-gso.de\/wp-content\/uploads\/2020\/02\/m\u00e4use-3.jpg 1500w\" sizes=\"auto, (max-width: 180px) 100vw, 180px\" \/><\/a> <a href=\"http:\/\/www.kunstprofil-gso.de\/wp-content\/uploads\/2020\/02\/m\u00e4use-2.jpg\" rel=\"wpdevart_lightbox\"><img loading=\"lazy\" decoding=\"async\" class=\"alignleft size-thumbnail wp-image-6561\" src=\"http:\/\/www.kunstprofil-gso.de\/wp-content\/uploads\/2020\/02\/m\u00e4use-2-180x180.jpg\" alt=\"\" width=\"180\" height=\"180\" srcset=\"http:\/\/www.kunstprofil-gso.de\/wp-content\/uploads\/2020\/02\/m\u00e4use-2-180x180.jpg 180w, http:\/\/www.kunstprofil-gso.de\/wp-content\/uploads\/2020\/02\/m\u00e4use-2-200x200.jpg 200w, http:\/\/www.kunstprofil-gso.de\/wp-content\/uploads\/2020\/02\/m\u00e4use-2-768x768.jpg 768w, http:\/\/www.kunstprofil-gso.de\/wp-content\/uploads\/2020\/02\/m\u00e4use-2-624x624.jpg 624w, http:\/\/www.kunstprofil-gso.de\/wp-content\/uploads\/2020\/02\/m\u00e4use-2.jpg 1500w\" sizes=\"auto, (max-width: 180px) 100vw, 180px\" \/><\/a> <a href=\"http:\/\/www.kunstprofil-gso.de\/wp-content\/uploads\/2020\/02\/m\u00e4use-1.jpg\" rel=\"wpdevart_lightbox\"><img loading=\"lazy\" decoding=\"async\" class=\"alignleft size-thumbnail wp-image-6560\" src=\"http:\/\/www.kunstprofil-gso.de\/wp-content\/uploads\/2020\/02\/m\u00e4use-1-180x180.jpg\" alt=\"\" width=\"180\" height=\"180\" srcset=\"http:\/\/www.kunstprofil-gso.de\/wp-content\/uploads\/2020\/02\/m\u00e4use-1-180x180.jpg 180w, http:\/\/www.kunstprofil-gso.de\/wp-content\/uploads\/2020\/02\/m\u00e4use-1-200x200.jpg 200w, http:\/\/www.kunstprofil-gso.de\/wp-content\/uploads\/2020\/02\/m\u00e4use-1-768x768.jpg 768w, http:\/\/www.kunstprofil-gso.de\/wp-content\/uploads\/2020\/02\/m\u00e4use-1-624x624.jpg 624w, http:\/\/www.kunstprofil-gso.de\/wp-content\/uploads\/2020\/02\/m\u00e4use-1.jpg 1500w\" sizes=\"auto, (max-width: 180px) 100vw, 180px\" \/><\/a><\/p>\n","protected":false},"excerpt":{"rendered":"<p>aus dem Tuschekurs, den Sebastian von Yishuge wieder einmal an unserer Schule durchf\u00fchrte. Hier mit der Klasse 7.4, die erst ihren Namen (auf chinesisch nat\u00fcrlich) und dann im chinesischen Tusche-Stil M\u00e4use gemalt haben.<\/p>\n","protected":false},"author":1,"featured_media":6558,"comment_status":"open","ping_status":"open","sticky":false,"template":"","format":"standard","meta":{"footnotes":""},"categories":[52],"tags":[],"class_list":["post-6557","post","type-post","status-publish","format-standard","has-post-thumbnail","hentry","category-china"],"_links":{"self":[{"href":"http:\/\/www.kunstprofil-gso.de\/index.php?rest_route=\/wp\/v2\/posts\/6557","targetHints":{"allow":["GET"]}}],"collection":[{"href":"http:\/\/www.kunstprofil-gso.de\/index.php?rest_route=\/wp\/v2\/posts"}],"about":[{"href":"http:\/\/www.kunstprofil-gso.de\/index.php?rest_route=\/wp\/v2\/types\/post"}],"author":[{"embeddable":true,"href":"http:\/\/www.kunstprofil-gso.de\/index.php?rest_route=\/wp\/v2\/users\/1"}],"replies":[{"embeddable":true,"href":"http:\/\/www.kunstprofil-gso.de\/index.php?rest_route=%2Fwp%2Fv2%2Fcomments&post=6557"}],"version-history":[{"count":1,"href":"http:\/\/www.kunstprofil-gso.de\/index.php?rest_route=\/wp\/v2\/posts\/6557\/revisions"}],"predecessor-version":[{"id":6570,"href":"http:\/\/www.kunstprofil-gso.de\/index.php?rest_route=\/wp\/v2\/posts\/6557\/revisions\/6570"}],"wp:featuredmedia":[{"embeddable":true,"href":"http:\/\/www.kunstprofil-gso.de\/index.php?rest_route=\/wp\/v2\/media\/6558"}],"wp:attachment":[{"href":"http:\/\/www.kunstprofil-gso.de\/index.php?rest_route=%2Fwp%2Fv2%2Fmedia&parent=6557"}],"wp:term":[{"taxonomy":"category","embeddable":true,"href":"http:\/\/www.kunstprofil-gso.de\/index.php?rest_route=%2Fwp%2Fv2%2Fcategories&post=6557"},{"taxonomy":"post_tag","embeddable":true,"href":"http:\/\/www.kunstprofil-gso.de\/index.php?rest_route=%2Fwp%2Fv2%2Ftags&post=6557"}],"curies":[{"name":"wp","href":"https:\/\/api.w.org\/{rel}","templated":true}]}}