{"id":6399,"date":"2019-04-25T17:12:28","date_gmt":"2019-04-25T15:12:28","guid":{"rendered":"http:\/\/www.kunstprofil-gso.de\/?p=6399"},"modified":"2019-05-04T18:12:54","modified_gmt":"2019-05-04T16:12:54","slug":"filme-fuer-443hz","status":"publish","type":"post","link":"http:\/\/www.kunstprofil-gso.de\/?p=6399","title":{"rendered":"Filme f\u00fcr 443Hz"},"content":{"rendered":"<p>Im Kunstkurs im 12. Jahrgang entstanden diese beiden Filme, die f\u00fcr zwei Musikst\u00fccke des &#8222;<span style=\"color: #000080;\"><a style=\"color: #000080;\" href=\"http:\/\/stadtteiloper-bremen.de\/?cat=37\">Club443Hz<\/a>&#8222;<\/span> als Projektionen Verwendung fanden. Der erste zu der Musik &#8222;Pavane&#8220; von Maurice Ravel, der zweite zu einem ziemlich schr\u00e4gen Barockst\u00fcck &#8222;Battaglia&#8220; von Franz Ignaz Biber, der das \u00a0Soldatenleben sehr bildhaft wiedergeben sollte. Im Film wurden daf\u00fcr diese Zinnfiguren verwendet &#8211; mitsamt Kanone, Fahne und allem drum und dran.<\/p>\n<h3>Zu Ravels &#8222;Pavane&#8220;<\/h3>\n<div style=\"width: 625px;\" class=\"wp-video\"><video class=\"wp-video-shortcode\" id=\"video-6399-1\" width=\"625\" height=\"351\" preload=\"metadata\" controls=\"controls\"><source type=\"video\/mp4\" src=\"http:\/\/www.kunstprofil-gso.de\/wp-content\/uploads\/2019\/04\/Pavane.m4v?_=1\" \/><a href=\"http:\/\/www.kunstprofil-gso.de\/wp-content\/uploads\/2019\/04\/Pavane.m4v\">http:\/\/www.kunstprofil-gso.de\/wp-content\/uploads\/2019\/04\/Pavane.m4v<\/a><\/video><\/div>\n<h3>Zu Bibers &#8222;Battaglia&#8220;<\/h3>\n<div style=\"width: 625px;\" class=\"wp-video\"><video class=\"wp-video-shortcode\" id=\"video-6399-2\" width=\"625\" height=\"351\" preload=\"metadata\" controls=\"controls\"><source type=\"video\/mp4\" src=\"http:\/\/www.kunstprofil-gso.de\/wp-content\/uploads\/2019\/04\/Battaglia-kurz.mp4.m4v?_=2\" \/><a href=\"http:\/\/www.kunstprofil-gso.de\/wp-content\/uploads\/2019\/04\/Battaglia-kurz.mp4.m4v\">http:\/\/www.kunstprofil-gso.de\/wp-content\/uploads\/2019\/04\/Battaglia-kurz.mp4.m4v<\/a><\/video><\/div>\n<p>&nbsp;<\/p>\n","protected":false},"excerpt":{"rendered":"<p>Im Kunstkurs im 12. Jahrgang entstanden diese beiden Filme, die f\u00fcr zwei Musikst\u00fccke des &#8222;Club443Hz&#8222; als Projektionen Verwendung fanden. Der erste zu der Musik &#8222;Pavane&#8220; von Maurice Ravel, der zweite zu einem ziemlich schr\u00e4gen Barockst\u00fcck &#8222;Battaglia&#8220; von Franz Ignaz Biber, der das \u00a0Soldatenleben sehr bildhaft wiedergeben sollte. Im Film wurden daf\u00fcr diese Zinnfiguren verwendet &#8211; [&hellip;]<\/p>\n","protected":false},"author":1,"featured_media":6400,"comment_status":"open","ping_status":"open","sticky":false,"template":"","format":"standard","meta":{"footnotes":""},"categories":[28,13],"tags":[],"class_list":["post-6399","post","type-post","status-publish","format-standard","has-post-thumbnail","hentry","category-12-jg","category-video"],"_links":{"self":[{"href":"http:\/\/www.kunstprofil-gso.de\/index.php?rest_route=\/wp\/v2\/posts\/6399","targetHints":{"allow":["GET"]}}],"collection":[{"href":"http:\/\/www.kunstprofil-gso.de\/index.php?rest_route=\/wp\/v2\/posts"}],"about":[{"href":"http:\/\/www.kunstprofil-gso.de\/index.php?rest_route=\/wp\/v2\/types\/post"}],"author":[{"embeddable":true,"href":"http:\/\/www.kunstprofil-gso.de\/index.php?rest_route=\/wp\/v2\/users\/1"}],"replies":[{"embeddable":true,"href":"http:\/\/www.kunstprofil-gso.de\/index.php?rest_route=%2Fwp%2Fv2%2Fcomments&post=6399"}],"version-history":[{"count":3,"href":"http:\/\/www.kunstprofil-gso.de\/index.php?rest_route=\/wp\/v2\/posts\/6399\/revisions"}],"predecessor-version":[{"id":6403,"href":"http:\/\/www.kunstprofil-gso.de\/index.php?rest_route=\/wp\/v2\/posts\/6399\/revisions\/6403"}],"wp:featuredmedia":[{"embeddable":true,"href":"http:\/\/www.kunstprofil-gso.de\/index.php?rest_route=\/wp\/v2\/media\/6400"}],"wp:attachment":[{"href":"http:\/\/www.kunstprofil-gso.de\/index.php?rest_route=%2Fwp%2Fv2%2Fmedia&parent=6399"}],"wp:term":[{"taxonomy":"category","embeddable":true,"href":"http:\/\/www.kunstprofil-gso.de\/index.php?rest_route=%2Fwp%2Fv2%2Fcategories&post=6399"},{"taxonomy":"post_tag","embeddable":true,"href":"http:\/\/www.kunstprofil-gso.de\/index.php?rest_route=%2Fwp%2Fv2%2Ftags&post=6399"}],"curies":[{"name":"wp","href":"https:\/\/api.w.org\/{rel}","templated":true}]}}