{"id":6321,"date":"2019-01-18T15:45:57","date_gmt":"2019-01-18T14:45:57","guid":{"rendered":"http:\/\/www.kunstprofil-gso.de\/?p=6321"},"modified":"2019-03-09T15:21:36","modified_gmt":"2019-03-09T14:21:36","slug":"vernissage-in-der-gso-galerie","status":"publish","type":"post","link":"http:\/\/www.kunstprofil-gso.de\/?p=6321","title":{"rendered":"Vernissage in der GSO-Galerie"},"content":{"rendered":"<div class=\"\"><span class=\"\">Die Ausstellung hat das Thema &#8222;das Auge isst mit&#8220; und beinhaltet Arbeiten zum Thema Lebensmittel\/Essen. Gezeigt wird ein breites Spektrum von Skulpturen, Malereien, Pinselzeichnungen im chinesischen Stil, Kugelschreiber &#8211; Zeichnungen, Fotoarbeiten, Collagen usw. Die Ann\u00e4herungen an das\u00a0 (seit einiger Zeit stark diskutierte) Thema reichen von kritischer Auseinandersetzung mit Plastikm\u00fcll, \u00fcber humoristische Arbeiten bis zu rein malerischen Auffassungen. Die Arbeiten wurden von allen Altersgruppen unserer Schule erstellt &#8211; von der 5. bis zur 13. Klasse.\u00a0<\/span><\/div>\n<div><\/div>\n<div class=\"\">Als Laudatoren haben Frau Kulturstaatsr\u00e4tin Emigholz und Herr Witkowski (Mensa der GSO) zugesagt. Ein Theaterkurs der Oberstufe zeigt einen Sketch, es gibt Musik, Gedichte und nat\u00fcrlich die \u00fcbliche Bewirtung mit S\u00fcssigkeiten und Getr\u00e4nken.<\/div>\n","protected":false},"excerpt":{"rendered":"<p>Die Ausstellung hat das Thema &#8222;das Auge isst mit&#8220; und beinhaltet Arbeiten zum Thema Lebensmittel\/Essen. Gezeigt wird ein breites Spektrum von Skulpturen, Malereien, Pinselzeichnungen im chinesischen Stil, Kugelschreiber &#8211; Zeichnungen, Fotoarbeiten, Collagen usw. Die Ann\u00e4herungen an das\u00a0 (seit einiger Zeit stark diskutierte) Thema reichen von kritischer Auseinandersetzung mit Plastikm\u00fcll, \u00fcber humoristische Arbeiten bis zu rein [&hellip;]<\/p>\n","protected":false},"author":1,"featured_media":6346,"comment_status":"open","ping_status":"open","sticky":false,"template":"","format":"standard","meta":{"footnotes":""},"categories":[1],"tags":[],"class_list":["post-6321","post","type-post","status-publish","format-standard","has-post-thumbnail","hentry","category-allgemein"],"_links":{"self":[{"href":"http:\/\/www.kunstprofil-gso.de\/index.php?rest_route=\/wp\/v2\/posts\/6321","targetHints":{"allow":["GET"]}}],"collection":[{"href":"http:\/\/www.kunstprofil-gso.de\/index.php?rest_route=\/wp\/v2\/posts"}],"about":[{"href":"http:\/\/www.kunstprofil-gso.de\/index.php?rest_route=\/wp\/v2\/types\/post"}],"author":[{"embeddable":true,"href":"http:\/\/www.kunstprofil-gso.de\/index.php?rest_route=\/wp\/v2\/users\/1"}],"replies":[{"embeddable":true,"href":"http:\/\/www.kunstprofil-gso.de\/index.php?rest_route=%2Fwp%2Fv2%2Fcomments&post=6321"}],"version-history":[{"count":1,"href":"http:\/\/www.kunstprofil-gso.de\/index.php?rest_route=\/wp\/v2\/posts\/6321\/revisions"}],"predecessor-version":[{"id":6323,"href":"http:\/\/www.kunstprofil-gso.de\/index.php?rest_route=\/wp\/v2\/posts\/6321\/revisions\/6323"}],"wp:featuredmedia":[{"embeddable":true,"href":"http:\/\/www.kunstprofil-gso.de\/index.php?rest_route=\/wp\/v2\/media\/6346"}],"wp:attachment":[{"href":"http:\/\/www.kunstprofil-gso.de\/index.php?rest_route=%2Fwp%2Fv2%2Fmedia&parent=6321"}],"wp:term":[{"taxonomy":"category","embeddable":true,"href":"http:\/\/www.kunstprofil-gso.de\/index.php?rest_route=%2Fwp%2Fv2%2Fcategories&post=6321"},{"taxonomy":"post_tag","embeddable":true,"href":"http:\/\/www.kunstprofil-gso.de\/index.php?rest_route=%2Fwp%2Fv2%2Ftags&post=6321"}],"curies":[{"name":"wp","href":"https:\/\/api.w.org\/{rel}","templated":true}]}}