{"id":6275,"date":"2019-01-13T16:19:42","date_gmt":"2019-01-13T15:19:42","guid":{"rendered":"http:\/\/www.kunstprofil-gso.de\/?p=6275"},"modified":"2019-01-13T16:19:42","modified_gmt":"2019-01-13T15:19:42","slug":"smarte-statue","status":"publish","type":"post","link":"http:\/\/www.kunstprofil-gso.de\/?p=6275","title":{"rendered":"Smarte Statue"},"content":{"rendered":"\n<ul class=\"wp-block-gallery columns-3 is-cropped wp-block-gallery-1 is-layout-flex wp-block-gallery-is-layout-flex\"><li class=\"blocks-gallery-item\"><figure><img loading=\"lazy\" decoding=\"async\" width=\"1500\" height=\"1500\" src=\"http:\/\/www.kunstprofil-gso.de\/wp-content\/uploads\/2019\/01\/statuesmartr-1.jpg\" alt=\"\" data-id=\"6277\" data-link=\"http:\/\/www.kunstprofil-gso.de\/?attachment_id=6277\" class=\"wp-image-6277\" srcset=\"http:\/\/www.kunstprofil-gso.de\/wp-content\/uploads\/2019\/01\/statuesmartr-1.jpg 1500w, http:\/\/www.kunstprofil-gso.de\/wp-content\/uploads\/2019\/01\/statuesmartr-1-180x180.jpg 180w, http:\/\/www.kunstprofil-gso.de\/wp-content\/uploads\/2019\/01\/statuesmartr-1-200x200.jpg 200w, http:\/\/www.kunstprofil-gso.de\/wp-content\/uploads\/2019\/01\/statuesmartr-1-768x768.jpg 768w, http:\/\/www.kunstprofil-gso.de\/wp-content\/uploads\/2019\/01\/statuesmartr-1-624x624.jpg 624w\" sizes=\"auto, (max-width: 1500px) 100vw, 1500px\" \/><\/figure><\/li><li class=\"blocks-gallery-item\"><figure><img loading=\"lazy\" decoding=\"async\" width=\"1500\" height=\"1500\" src=\"http:\/\/www.kunstprofil-gso.de\/wp-content\/uploads\/2019\/01\/statuesmartr-2.jpg\" alt=\"\" data-id=\"6278\" data-link=\"http:\/\/www.kunstprofil-gso.de\/?attachment_id=6278\" class=\"wp-image-6278\" srcset=\"http:\/\/www.kunstprofil-gso.de\/wp-content\/uploads\/2019\/01\/statuesmartr-2.jpg 1500w, http:\/\/www.kunstprofil-gso.de\/wp-content\/uploads\/2019\/01\/statuesmartr-2-180x180.jpg 180w, http:\/\/www.kunstprofil-gso.de\/wp-content\/uploads\/2019\/01\/statuesmartr-2-200x200.jpg 200w, http:\/\/www.kunstprofil-gso.de\/wp-content\/uploads\/2019\/01\/statuesmartr-2-768x768.jpg 768w, http:\/\/www.kunstprofil-gso.de\/wp-content\/uploads\/2019\/01\/statuesmartr-2-624x624.jpg 624w\" sizes=\"auto, (max-width: 1500px) 100vw, 1500px\" \/><\/figure><\/li><li class=\"blocks-gallery-item\"><figure><img loading=\"lazy\" decoding=\"async\" width=\"1500\" height=\"1500\" src=\"http:\/\/www.kunstprofil-gso.de\/wp-content\/uploads\/2019\/01\/statuesmartr-3.jpg\" alt=\"\" data-id=\"6279\" data-link=\"http:\/\/www.kunstprofil-gso.de\/?attachment_id=6279\" class=\"wp-image-6279\" srcset=\"http:\/\/www.kunstprofil-gso.de\/wp-content\/uploads\/2019\/01\/statuesmartr-3.jpg 1500w, http:\/\/www.kunstprofil-gso.de\/wp-content\/uploads\/2019\/01\/statuesmartr-3-180x180.jpg 180w, http:\/\/www.kunstprofil-gso.de\/wp-content\/uploads\/2019\/01\/statuesmartr-3-200x200.jpg 200w, http:\/\/www.kunstprofil-gso.de\/wp-content\/uploads\/2019\/01\/statuesmartr-3-768x768.jpg 768w, http:\/\/www.kunstprofil-gso.de\/wp-content\/uploads\/2019\/01\/statuesmartr-3-624x624.jpg 624w\" sizes=\"auto, (max-width: 1500px) 100vw, 1500px\" \/><\/figure><\/li><\/ul>\n\n\n\n<p>was das wohl werden soll? Ein Mahnmal gegen\/f\u00fcr viel S\u00fcssigkeitenkonsum? Freiheit f\u00fcr kleine bunte Schokolinsen? Und zur Vernissage soll es das noch im Grossformat geben. Naschen geht auch nicht, die Schokodinger haben Beyza, Nicole und Jasmin mit jede Menge Heisskleber festgeballert.<\/p>\n","protected":false},"excerpt":{"rendered":"<p>was das wohl werden soll? Ein Mahnmal gegen\/f\u00fcr viel S\u00fcssigkeitenkonsum? Freiheit f\u00fcr kleine bunte Schokolinsen? Und zur Vernissage soll es das noch im Grossformat geben. Naschen geht auch nicht, die Schokodinger haben Beyza, Nicole und Jasmin mit jede Menge Heisskleber festgeballert.<\/p>\n","protected":false},"author":1,"featured_media":6276,"comment_status":"open","ping_status":"open","sticky":false,"template":"","format":"standard","meta":{"footnotes":""},"categories":[28,1,54,49],"tags":[],"class_list":["post-6275","post","type-post","status-publish","format-standard","has-post-thumbnail","hentry","category-12-jg","category-allgemein","category-foodart","category-skulpturplastik"],"_links":{"self":[{"href":"http:\/\/www.kunstprofil-gso.de\/index.php?rest_route=\/wp\/v2\/posts\/6275","targetHints":{"allow":["GET"]}}],"collection":[{"href":"http:\/\/www.kunstprofil-gso.de\/index.php?rest_route=\/wp\/v2\/posts"}],"about":[{"href":"http:\/\/www.kunstprofil-gso.de\/index.php?rest_route=\/wp\/v2\/types\/post"}],"author":[{"embeddable":true,"href":"http:\/\/www.kunstprofil-gso.de\/index.php?rest_route=\/wp\/v2\/users\/1"}],"replies":[{"embeddable":true,"href":"http:\/\/www.kunstprofil-gso.de\/index.php?rest_route=%2Fwp%2Fv2%2Fcomments&post=6275"}],"version-history":[{"count":1,"href":"http:\/\/www.kunstprofil-gso.de\/index.php?rest_route=\/wp\/v2\/posts\/6275\/revisions"}],"predecessor-version":[{"id":6280,"href":"http:\/\/www.kunstprofil-gso.de\/index.php?rest_route=\/wp\/v2\/posts\/6275\/revisions\/6280"}],"wp:featuredmedia":[{"embeddable":true,"href":"http:\/\/www.kunstprofil-gso.de\/index.php?rest_route=\/wp\/v2\/media\/6276"}],"wp:attachment":[{"href":"http:\/\/www.kunstprofil-gso.de\/index.php?rest_route=%2Fwp%2Fv2%2Fmedia&parent=6275"}],"wp:term":[{"taxonomy":"category","embeddable":true,"href":"http:\/\/www.kunstprofil-gso.de\/index.php?rest_route=%2Fwp%2Fv2%2Fcategories&post=6275"},{"taxonomy":"post_tag","embeddable":true,"href":"http:\/\/www.kunstprofil-gso.de\/index.php?rest_route=%2Fwp%2Fv2%2Ftags&post=6275"}],"curies":[{"name":"wp","href":"https:\/\/api.w.org\/{rel}","templated":true}]}}