{"id":6266,"date":"2019-01-05T16:32:28","date_gmt":"2019-01-05T15:32:28","guid":{"rendered":"http:\/\/www.kunstprofil-gso.de\/?p=6266"},"modified":"2019-01-13T16:21:31","modified_gmt":"2019-01-13T15:21:31","slug":"minis","status":"publish","type":"post","link":"http:\/\/www.kunstprofil-gso.de\/?p=6266","title":{"rendered":"Minis"},"content":{"rendered":"\n<p>Die Figuren aus der HO-Eisenbahnanlage sind auf Abenteuer-Expedition, erforschen H\u00f6hlen und seltsame Objekt (ausserirdisch?) oder chillen einfach zwischen S\u00fcssem und Gesundem. Die 8.4 fotografierte die Ensembles mit Fig\u00fcrchen.<\/p>\n\n\n\n\n\n<p><\/p>\n\n\n\n<ul class=\"wp-block-gallery columns-3 is-cropped wp-block-gallery-1 is-layout-flex wp-block-gallery-is-layout-flex\"><li class=\"blocks-gallery-item\"><figure><a href=\"http:\/\/www.kunstprofil-gso.de\/wp-content\/uploads\/2019\/01\/minis10.jpg\" rel=\"wpdevart_lightbox\"><img loading=\"lazy\" decoding=\"async\" width=\"1500\" height=\"1500\" src=\"http:\/\/www.kunstprofil-gso.de\/wp-content\/uploads\/2019\/01\/minis10.jpg\" alt=\"\" data-id=\"6261\" data-link=\"http:\/\/www.kunstprofil-gso.de\/?attachment_id=6261\" class=\"wp-image-6261\" srcset=\"http:\/\/www.kunstprofil-gso.de\/wp-content\/uploads\/2019\/01\/minis10.jpg 1500w, http:\/\/www.kunstprofil-gso.de\/wp-content\/uploads\/2019\/01\/minis10-180x180.jpg 180w, http:\/\/www.kunstprofil-gso.de\/wp-content\/uploads\/2019\/01\/minis10-200x200.jpg 200w, http:\/\/www.kunstprofil-gso.de\/wp-content\/uploads\/2019\/01\/minis10-768x768.jpg 768w, http:\/\/www.kunstprofil-gso.de\/wp-content\/uploads\/2019\/01\/minis10-624x624.jpg 624w\" sizes=\"auto, (max-width: 1500px) 100vw, 1500px\" \/><\/a><\/figure><\/li><li class=\"blocks-gallery-item\"><figure><a href=\"http:\/\/www.kunstprofil-gso.de\/wp-content\/uploads\/2019\/01\/minis09.jpg\" rel=\"wpdevart_lightbox\"><img loading=\"lazy\" decoding=\"async\" width=\"1500\" height=\"1500\" src=\"http:\/\/www.kunstprofil-gso.de\/wp-content\/uploads\/2019\/01\/minis09.jpg\" alt=\"\" data-id=\"6260\" data-link=\"http:\/\/www.kunstprofil-gso.de\/?attachment_id=6260\" class=\"wp-image-6260\" srcset=\"http:\/\/www.kunstprofil-gso.de\/wp-content\/uploads\/2019\/01\/minis09.jpg 1500w, http:\/\/www.kunstprofil-gso.de\/wp-content\/uploads\/2019\/01\/minis09-180x180.jpg 180w, http:\/\/www.kunstprofil-gso.de\/wp-content\/uploads\/2019\/01\/minis09-200x200.jpg 200w, http:\/\/www.kunstprofil-gso.de\/wp-content\/uploads\/2019\/01\/minis09-768x768.jpg 768w, http:\/\/www.kunstprofil-gso.de\/wp-content\/uploads\/2019\/01\/minis09-624x624.jpg 624w\" sizes=\"auto, (max-width: 1500px) 100vw, 1500px\" \/><\/a><\/figure><\/li><li class=\"blocks-gallery-item\"><figure><a href=\"http:\/\/www.kunstprofil-gso.de\/wp-content\/uploads\/2019\/01\/minis08.jpg\" rel=\"wpdevart_lightbox\"><img loading=\"lazy\" decoding=\"async\" width=\"1500\" height=\"1500\" src=\"http:\/\/www.kunstprofil-gso.de\/wp-content\/uploads\/2019\/01\/minis08.jpg\" alt=\"\" data-id=\"6259\" data-link=\"http:\/\/www.kunstprofil-gso.de\/?attachment_id=6259\" class=\"wp-image-6259\" srcset=\"http:\/\/www.kunstprofil-gso.de\/wp-content\/uploads\/2019\/01\/minis08.jpg 1500w, http:\/\/www.kunstprofil-gso.de\/wp-content\/uploads\/2019\/01\/minis08-180x180.jpg 180w, http:\/\/www.kunstprofil-gso.de\/wp-content\/uploads\/2019\/01\/minis08-200x200.jpg 200w, http:\/\/www.kunstprofil-gso.de\/wp-content\/uploads\/2019\/01\/minis08-768x768.jpg 768w, http:\/\/www.kunstprofil-gso.de\/wp-content\/uploads\/2019\/01\/minis08-624x624.jpg 624w\" sizes=\"auto, (max-width: 1500px) 100vw, 1500px\" \/><\/a><\/figure><\/li><li class=\"blocks-gallery-item\"><figure><a href=\"http:\/\/www.kunstprofil-gso.de\/wp-content\/uploads\/2019\/01\/minis07.jpg\" rel=\"wpdevart_lightbox\"><img loading=\"lazy\" decoding=\"async\" width=\"1500\" height=\"1500\" src=\"http:\/\/www.kunstprofil-gso.de\/wp-content\/uploads\/2019\/01\/minis07.jpg\" alt=\"\" data-id=\"6258\" data-link=\"http:\/\/www.kunstprofil-gso.de\/?attachment_id=6258\" class=\"wp-image-6258\" srcset=\"http:\/\/www.kunstprofil-gso.de\/wp-content\/uploads\/2019\/01\/minis07.jpg 1500w, http:\/\/www.kunstprofil-gso.de\/wp-content\/uploads\/2019\/01\/minis07-180x180.jpg 180w, http:\/\/www.kunstprofil-gso.de\/wp-content\/uploads\/2019\/01\/minis07-200x200.jpg 200w, http:\/\/www.kunstprofil-gso.de\/wp-content\/uploads\/2019\/01\/minis07-768x768.jpg 768w, http:\/\/www.kunstprofil-gso.de\/wp-content\/uploads\/2019\/01\/minis07-624x624.jpg 624w\" sizes=\"auto, (max-width: 1500px) 100vw, 1500px\" \/><\/a><\/figure><\/li><li class=\"blocks-gallery-item\"><figure><a href=\"http:\/\/www.kunstprofil-gso.de\/wp-content\/uploads\/2019\/01\/minis06.jpg\" rel=\"wpdevart_lightbox\"><img loading=\"lazy\" decoding=\"async\" width=\"1500\" height=\"1500\" src=\"http:\/\/www.kunstprofil-gso.de\/wp-content\/uploads\/2019\/01\/minis06.jpg\" alt=\"\" data-id=\"6257\" data-link=\"http:\/\/www.kunstprofil-gso.de\/?attachment_id=6257\" class=\"wp-image-6257\" srcset=\"http:\/\/www.kunstprofil-gso.de\/wp-content\/uploads\/2019\/01\/minis06.jpg 1500w, http:\/\/www.kunstprofil-gso.de\/wp-content\/uploads\/2019\/01\/minis06-180x180.jpg 180w, http:\/\/www.kunstprofil-gso.de\/wp-content\/uploads\/2019\/01\/minis06-200x200.jpg 200w, http:\/\/www.kunstprofil-gso.de\/wp-content\/uploads\/2019\/01\/minis06-768x768.jpg 768w, http:\/\/www.kunstprofil-gso.de\/wp-content\/uploads\/2019\/01\/minis06-624x624.jpg 624w\" sizes=\"auto, (max-width: 1500px) 100vw, 1500px\" \/><\/a><\/figure><\/li><li class=\"blocks-gallery-item\"><figure><a href=\"http:\/\/www.kunstprofil-gso.de\/wp-content\/uploads\/2019\/01\/minis05.jpg\" rel=\"wpdevart_lightbox\"><img loading=\"lazy\" decoding=\"async\" width=\"1500\" height=\"1500\" src=\"http:\/\/www.kunstprofil-gso.de\/wp-content\/uploads\/2019\/01\/minis05.jpg\" alt=\"\" data-id=\"6256\" data-link=\"http:\/\/www.kunstprofil-gso.de\/?attachment_id=6256\" class=\"wp-image-6256\" srcset=\"http:\/\/www.kunstprofil-gso.de\/wp-content\/uploads\/2019\/01\/minis05.jpg 1500w, http:\/\/www.kunstprofil-gso.de\/wp-content\/uploads\/2019\/01\/minis05-180x180.jpg 180w, http:\/\/www.kunstprofil-gso.de\/wp-content\/uploads\/2019\/01\/minis05-200x200.jpg 200w, http:\/\/www.kunstprofil-gso.de\/wp-content\/uploads\/2019\/01\/minis05-768x768.jpg 768w, http:\/\/www.kunstprofil-gso.de\/wp-content\/uploads\/2019\/01\/minis05-624x624.jpg 624w\" sizes=\"auto, (max-width: 1500px) 100vw, 1500px\" \/><\/a><\/figure><\/li><li class=\"blocks-gallery-item\"><figure><a href=\"http:\/\/www.kunstprofil-gso.de\/wp-content\/uploads\/2019\/01\/minis03.jpg\" rel=\"wpdevart_lightbox\"><img loading=\"lazy\" decoding=\"async\" width=\"1500\" height=\"1500\" src=\"http:\/\/www.kunstprofil-gso.de\/wp-content\/uploads\/2019\/01\/minis03.jpg\" alt=\"\" data-id=\"6254\" data-link=\"http:\/\/www.kunstprofil-gso.de\/?attachment_id=6254\" class=\"wp-image-6254\" srcset=\"http:\/\/www.kunstprofil-gso.de\/wp-content\/uploads\/2019\/01\/minis03.jpg 1500w, http:\/\/www.kunstprofil-gso.de\/wp-content\/uploads\/2019\/01\/minis03-180x180.jpg 180w, http:\/\/www.kunstprofil-gso.de\/wp-content\/uploads\/2019\/01\/minis03-200x200.jpg 200w, http:\/\/www.kunstprofil-gso.de\/wp-content\/uploads\/2019\/01\/minis03-768x768.jpg 768w, http:\/\/www.kunstprofil-gso.de\/wp-content\/uploads\/2019\/01\/minis03-624x624.jpg 624w\" sizes=\"auto, (max-width: 1500px) 100vw, 1500px\" \/><\/a><\/figure><\/li><li class=\"blocks-gallery-item\"><figure><a href=\"http:\/\/www.kunstprofil-gso.de\/wp-content\/uploads\/2019\/01\/minis02.jpg\" rel=\"wpdevart_lightbox\"><img loading=\"lazy\" decoding=\"async\" width=\"1500\" height=\"1500\" src=\"http:\/\/www.kunstprofil-gso.de\/wp-content\/uploads\/2019\/01\/minis02.jpg\" alt=\"\" data-id=\"6253\" data-link=\"http:\/\/www.kunstprofil-gso.de\/?attachment_id=6253\" class=\"wp-image-6253\" srcset=\"http:\/\/www.kunstprofil-gso.de\/wp-content\/uploads\/2019\/01\/minis02.jpg 1500w, http:\/\/www.kunstprofil-gso.de\/wp-content\/uploads\/2019\/01\/minis02-180x180.jpg 180w, http:\/\/www.kunstprofil-gso.de\/wp-content\/uploads\/2019\/01\/minis02-200x200.jpg 200w, http:\/\/www.kunstprofil-gso.de\/wp-content\/uploads\/2019\/01\/minis02-768x768.jpg 768w, http:\/\/www.kunstprofil-gso.de\/wp-content\/uploads\/2019\/01\/minis02-624x624.jpg 624w\" sizes=\"auto, (max-width: 1500px) 100vw, 1500px\" \/><\/a><\/figure><\/li><li class=\"blocks-gallery-item\"><figure><a href=\"http:\/\/www.kunstprofil-gso.de\/wp-content\/uploads\/2019\/01\/minis01-1.jpg\" rel=\"wpdevart_lightbox\"><img loading=\"lazy\" decoding=\"async\" width=\"1500\" height=\"1500\" src=\"http:\/\/www.kunstprofil-gso.de\/wp-content\/uploads\/2019\/01\/minis01-1.jpg\" alt=\"\" data-id=\"6271\" data-link=\"http:\/\/www.kunstprofil-gso.de\/?attachment_id=6271\" class=\"wp-image-6271\" srcset=\"http:\/\/www.kunstprofil-gso.de\/wp-content\/uploads\/2019\/01\/minis01-1.jpg 1500w, http:\/\/www.kunstprofil-gso.de\/wp-content\/uploads\/2019\/01\/minis01-1-180x180.jpg 180w, http:\/\/www.kunstprofil-gso.de\/wp-content\/uploads\/2019\/01\/minis01-1-200x200.jpg 200w, http:\/\/www.kunstprofil-gso.de\/wp-content\/uploads\/2019\/01\/minis01-1-768x768.jpg 768w, http:\/\/www.kunstprofil-gso.de\/wp-content\/uploads\/2019\/01\/minis01-1-624x624.jpg 624w\" sizes=\"auto, (max-width: 1500px) 100vw, 1500px\" \/><\/a><\/figure><\/li><\/ul>\n","protected":false},"excerpt":{"rendered":"<p>Die Figuren aus der HO-Eisenbahnanlage sind auf Abenteuer-Expedition, erforschen H\u00f6hlen und seltsame Objekt (ausserirdisch?) oder chillen einfach zwischen S\u00fcssem und Gesundem. Die 8.4 fotografierte die Ensembles mit Fig\u00fcrchen.<\/p>\n","protected":false},"author":1,"featured_media":6255,"comment_status":"open","ping_status":"open","sticky":false,"template":"","format":"standard","meta":{"footnotes":""},"categories":[1,54],"tags":[],"class_list":["post-6266","post","type-post","status-publish","format-standard","has-post-thumbnail","hentry","category-allgemein","category-foodart"],"_links":{"self":[{"href":"http:\/\/www.kunstprofil-gso.de\/index.php?rest_route=\/wp\/v2\/posts\/6266","targetHints":{"allow":["GET"]}}],"collection":[{"href":"http:\/\/www.kunstprofil-gso.de\/index.php?rest_route=\/wp\/v2\/posts"}],"about":[{"href":"http:\/\/www.kunstprofil-gso.de\/index.php?rest_route=\/wp\/v2\/types\/post"}],"author":[{"embeddable":true,"href":"http:\/\/www.kunstprofil-gso.de\/index.php?rest_route=\/wp\/v2\/users\/1"}],"replies":[{"embeddable":true,"href":"http:\/\/www.kunstprofil-gso.de\/index.php?rest_route=%2Fwp%2Fv2%2Fcomments&post=6266"}],"version-history":[{"count":4,"href":"http:\/\/www.kunstprofil-gso.de\/index.php?rest_route=\/wp\/v2\/posts\/6266\/revisions"}],"predecessor-version":[{"id":6281,"href":"http:\/\/www.kunstprofil-gso.de\/index.php?rest_route=\/wp\/v2\/posts\/6266\/revisions\/6281"}],"wp:featuredmedia":[{"embeddable":true,"href":"http:\/\/www.kunstprofil-gso.de\/index.php?rest_route=\/wp\/v2\/media\/6255"}],"wp:attachment":[{"href":"http:\/\/www.kunstprofil-gso.de\/index.php?rest_route=%2Fwp%2Fv2%2Fmedia&parent=6266"}],"wp:term":[{"taxonomy":"category","embeddable":true,"href":"http:\/\/www.kunstprofil-gso.de\/index.php?rest_route=%2Fwp%2Fv2%2Fcategories&post=6266"},{"taxonomy":"post_tag","embeddable":true,"href":"http:\/\/www.kunstprofil-gso.de\/index.php?rest_route=%2Fwp%2Fv2%2Ftags&post=6266"}],"curies":[{"name":"wp","href":"https:\/\/api.w.org\/{rel}","templated":true}]}}