{"id":5834,"date":"2018-10-23T18:56:36","date_gmt":"2018-10-23T16:56:36","guid":{"rendered":"http:\/\/www.kunstprofil-gso.de\/?p=5834"},"modified":"2018-10-24T14:26:51","modified_gmt":"2018-10-24T12:26:51","slug":"essen-aus-beton","status":"publish","type":"post","link":"http:\/\/www.kunstprofil-gso.de\/?p=5834","title":{"rendered":"Essen aus Beton"},"content":{"rendered":"<p>na ja, ist schon etwas weicher &#8211; aus Ytong, Porenbeton. Der Q1-Kunstkurs erzeugt steinerne Weintrauben, Avocados und \u00e4hnliche s\u00fcsse Fr\u00fcchtchen.<\/p>\n<p><a href=\"http:\/\/www.kunstprofil-gso.de\/wp-content\/uploads\/2018\/10\/Zusatz5.jpg\" rel=\"wpdevart_lightbox\"><img loading=\"lazy\" decoding=\"async\" class=\"alignleft size-thumbnail wp-image-5841\" src=\"http:\/\/www.kunstprofil-gso.de\/wp-content\/uploads\/2018\/10\/Zusatz5-180x180.jpg\" alt=\"\" width=\"180\" height=\"180\" srcset=\"http:\/\/www.kunstprofil-gso.de\/wp-content\/uploads\/2018\/10\/Zusatz5-180x180.jpg 180w, http:\/\/www.kunstprofil-gso.de\/wp-content\/uploads\/2018\/10\/Zusatz5-200x200.jpg 200w, http:\/\/www.kunstprofil-gso.de\/wp-content\/uploads\/2018\/10\/Zusatz5-768x768.jpg 768w, http:\/\/www.kunstprofil-gso.de\/wp-content\/uploads\/2018\/10\/Zusatz5-624x624.jpg 624w, http:\/\/www.kunstprofil-gso.de\/wp-content\/uploads\/2018\/10\/Zusatz5.jpg 1500w\" sizes=\"auto, (max-width: 180px) 100vw, 180px\" \/><\/a><a href=\"http:\/\/www.kunstprofil-gso.de\/wp-content\/uploads\/2018\/10\/Zusatz4.jpg\" rel=\"wpdevart_lightbox\"><img loading=\"lazy\" decoding=\"async\" class=\"alignleft size-thumbnail wp-image-5840\" src=\"http:\/\/www.kunstprofil-gso.de\/wp-content\/uploads\/2018\/10\/Zusatz4-180x180.jpg\" alt=\"\" width=\"180\" height=\"180\" srcset=\"http:\/\/www.kunstprofil-gso.de\/wp-content\/uploads\/2018\/10\/Zusatz4-180x180.jpg 180w, http:\/\/www.kunstprofil-gso.de\/wp-content\/uploads\/2018\/10\/Zusatz4-200x200.jpg 200w, http:\/\/www.kunstprofil-gso.de\/wp-content\/uploads\/2018\/10\/Zusatz4-768x768.jpg 768w, http:\/\/www.kunstprofil-gso.de\/wp-content\/uploads\/2018\/10\/Zusatz4-624x624.jpg 624w, http:\/\/www.kunstprofil-gso.de\/wp-content\/uploads\/2018\/10\/Zusatz4.jpg 1500w\" sizes=\"auto, (max-width: 180px) 100vw, 180px\" \/><\/a><a href=\"http:\/\/www.kunstprofil-gso.de\/wp-content\/uploads\/2018\/10\/Zusatz3.jpg\" rel=\"wpdevart_lightbox\"><img loading=\"lazy\" decoding=\"async\" class=\"alignleft size-thumbnail wp-image-5839\" src=\"http:\/\/www.kunstprofil-gso.de\/wp-content\/uploads\/2018\/10\/Zusatz3-180x180.jpg\" alt=\"\" width=\"180\" height=\"180\" srcset=\"http:\/\/www.kunstprofil-gso.de\/wp-content\/uploads\/2018\/10\/Zusatz3-180x180.jpg 180w, http:\/\/www.kunstprofil-gso.de\/wp-content\/uploads\/2018\/10\/Zusatz3-200x200.jpg 200w, http:\/\/www.kunstprofil-gso.de\/wp-content\/uploads\/2018\/10\/Zusatz3-768x768.jpg 768w, http:\/\/www.kunstprofil-gso.de\/wp-content\/uploads\/2018\/10\/Zusatz3-624x624.jpg 624w, http:\/\/www.kunstprofil-gso.de\/wp-content\/uploads\/2018\/10\/Zusatz3.jpg 1500w\" sizes=\"auto, (max-width: 180px) 100vw, 180px\" \/><\/a><a href=\"http:\/\/www.kunstprofil-gso.de\/wp-content\/uploads\/2018\/10\/Zusatz2.jpg\" rel=\"wpdevart_lightbox\"><img loading=\"lazy\" decoding=\"async\" class=\"alignleft size-thumbnail wp-image-5838\" src=\"http:\/\/www.kunstprofil-gso.de\/wp-content\/uploads\/2018\/10\/Zusatz2-180x180.jpg\" alt=\"\" width=\"180\" height=\"180\" srcset=\"http:\/\/www.kunstprofil-gso.de\/wp-content\/uploads\/2018\/10\/Zusatz2-180x180.jpg 180w, http:\/\/www.kunstprofil-gso.de\/wp-content\/uploads\/2018\/10\/Zusatz2-200x200.jpg 200w, http:\/\/www.kunstprofil-gso.de\/wp-content\/uploads\/2018\/10\/Zusatz2-768x768.jpg 768w, http:\/\/www.kunstprofil-gso.de\/wp-content\/uploads\/2018\/10\/Zusatz2-624x624.jpg 624w, http:\/\/www.kunstprofil-gso.de\/wp-content\/uploads\/2018\/10\/Zusatz2.jpg 1500w\" sizes=\"auto, (max-width: 180px) 100vw, 180px\" \/><\/a><br \/>\n<a href=\"http:\/\/www.kunstprofil-gso.de\/wp-content\/uploads\/2018\/10\/fl3.jpg\" rel=\"wpdevart_lightbox\"><img loading=\"lazy\" decoding=\"async\" class=\"alignleft size-thumbnail wp-image-5830\" src=\"http:\/\/www.kunstprofil-gso.de\/wp-content\/uploads\/2018\/10\/fl3-180x180.jpg\" alt=\"\" width=\"180\" height=\"180\" srcset=\"http:\/\/www.kunstprofil-gso.de\/wp-content\/uploads\/2018\/10\/fl3-180x180.jpg 180w, http:\/\/www.kunstprofil-gso.de\/wp-content\/uploads\/2018\/10\/fl3-200x200.jpg 200w, http:\/\/www.kunstprofil-gso.de\/wp-content\/uploads\/2018\/10\/fl3-768x768.jpg 768w, http:\/\/www.kunstprofil-gso.de\/wp-content\/uploads\/2018\/10\/fl3-624x624.jpg 624w, http:\/\/www.kunstprofil-gso.de\/wp-content\/uploads\/2018\/10\/fl3.jpg 1500w\" sizes=\"auto, (max-width: 180px) 100vw, 180px\" \/><\/a><a href=\"http:\/\/www.kunstprofil-gso.de\/wp-content\/uploads\/2018\/10\/fl2.jpg\" rel=\"wpdevart_lightbox\"><img loading=\"lazy\" decoding=\"async\" class=\"alignleft size-thumbnail wp-image-5829\" src=\"http:\/\/www.kunstprofil-gso.de\/wp-content\/uploads\/2018\/10\/fl2-180x180.jpg\" alt=\"\" width=\"180\" height=\"180\" srcset=\"http:\/\/www.kunstprofil-gso.de\/wp-content\/uploads\/2018\/10\/fl2-180x180.jpg 180w, http:\/\/www.kunstprofil-gso.de\/wp-content\/uploads\/2018\/10\/fl2-200x200.jpg 200w, http:\/\/www.kunstprofil-gso.de\/wp-content\/uploads\/2018\/10\/fl2-768x768.jpg 768w, http:\/\/www.kunstprofil-gso.de\/wp-content\/uploads\/2018\/10\/fl2-624x624.jpg 624w, http:\/\/www.kunstprofil-gso.de\/wp-content\/uploads\/2018\/10\/fl2.jpg 1500w\" sizes=\"auto, (max-width: 180px) 100vw, 180px\" \/><\/a><a href=\"http:\/\/www.kunstprofil-gso.de\/wp-content\/uploads\/2018\/10\/fl1.jpg\" rel=\"wpdevart_lightbox\"><img loading=\"lazy\" decoding=\"async\" class=\"alignleft size-thumbnail wp-image-5828\" src=\"http:\/\/www.kunstprofil-gso.de\/wp-content\/uploads\/2018\/10\/fl1-180x180.jpg\" alt=\"\" width=\"180\" height=\"180\" srcset=\"http:\/\/www.kunstprofil-gso.de\/wp-content\/uploads\/2018\/10\/fl1-180x180.jpg 180w, http:\/\/www.kunstprofil-gso.de\/wp-content\/uploads\/2018\/10\/fl1-200x200.jpg 200w, http:\/\/www.kunstprofil-gso.de\/wp-content\/uploads\/2018\/10\/fl1-768x768.jpg 768w, http:\/\/www.kunstprofil-gso.de\/wp-content\/uploads\/2018\/10\/fl1-624x624.jpg 624w, http:\/\/www.kunstprofil-gso.de\/wp-content\/uploads\/2018\/10\/fl1.jpg 1500w\" sizes=\"auto, (max-width: 180px) 100vw, 180px\" \/><\/a><a href=\"http:\/\/www.kunstprofil-gso.de\/wp-content\/uploads\/2018\/10\/Lebensmittelabteilung09.jpg\" rel=\"wpdevart_lightbox\"><img loading=\"lazy\" decoding=\"async\" class=\"alignleft size-thumbnail wp-image-5819\" src=\"http:\/\/www.kunstprofil-gso.de\/wp-content\/uploads\/2018\/10\/Lebensmittelabteilung09-180x180.jpg\" alt=\"\" width=\"180\" height=\"180\" srcset=\"http:\/\/www.kunstprofil-gso.de\/wp-content\/uploads\/2018\/10\/Lebensmittelabteilung09-180x180.jpg 180w, http:\/\/www.kunstprofil-gso.de\/wp-content\/uploads\/2018\/10\/Lebensmittelabteilung09-200x200.jpg 200w, http:\/\/www.kunstprofil-gso.de\/wp-content\/uploads\/2018\/10\/Lebensmittelabteilung09-768x768.jpg 768w, http:\/\/www.kunstprofil-gso.de\/wp-content\/uploads\/2018\/10\/Lebensmittelabteilung09-624x624.jpg 624w, http:\/\/www.kunstprofil-gso.de\/wp-content\/uploads\/2018\/10\/Lebensmittelabteilung09.jpg 1500w\" sizes=\"auto, (max-width: 180px) 100vw, 180px\" \/><\/a><a href=\"http:\/\/www.kunstprofil-gso.de\/wp-content\/uploads\/2018\/10\/Lebensmittelabteilung08.jpg\" rel=\"wpdevart_lightbox\"><img loading=\"lazy\" decoding=\"async\" class=\"alignleft size-thumbnail wp-image-5818\" src=\"http:\/\/www.kunstprofil-gso.de\/wp-content\/uploads\/2018\/10\/Lebensmittelabteilung08-180x180.jpg\" alt=\"\" width=\"180\" height=\"180\" srcset=\"http:\/\/www.kunstprofil-gso.de\/wp-content\/uploads\/2018\/10\/Lebensmittelabteilung08-180x180.jpg 180w, http:\/\/www.kunstprofil-gso.de\/wp-content\/uploads\/2018\/10\/Lebensmittelabteilung08-200x200.jpg 200w, http:\/\/www.kunstprofil-gso.de\/wp-content\/uploads\/2018\/10\/Lebensmittelabteilung08-768x768.jpg 768w, http:\/\/www.kunstprofil-gso.de\/wp-content\/uploads\/2018\/10\/Lebensmittelabteilung08-624x624.jpg 624w, http:\/\/www.kunstprofil-gso.de\/wp-content\/uploads\/2018\/10\/Lebensmittelabteilung08.jpg 1500w\" sizes=\"auto, (max-width: 180px) 100vw, 180px\" \/><\/a><br \/>\n<a href=\"http:\/\/www.kunstprofil-gso.de\/wp-content\/uploads\/2018\/10\/Lebensmittelabteilung09.jpg\" rel=\"wpdevart_lightbox\"><br \/>\n<\/a><\/p>\n<div style=\"width: 625px;\" class=\"wp-video\"><video class=\"wp-video-shortcode\" id=\"video-5834-1\" width=\"625\" height=\"469\" poster=\"http:\/\/www.kunstprofil-gso.de\/wp-content\/uploads\/2018\/10\/aostu-m4v-image.jpg\" preload=\"metadata\" controls=\"controls\"><source type=\"video\/mp4\" src=\"http:\/\/www.kunstprofil-gso.de\/wp-content\/uploads\/2018\/10\/aostu.m4v?_=1\" \/><a href=\"http:\/\/www.kunstprofil-gso.de\/wp-content\/uploads\/2018\/10\/aostu.m4v\">http:\/\/www.kunstprofil-gso.de\/wp-content\/uploads\/2018\/10\/aostu.m4v<\/a><\/video><\/div>\n<p>&nbsp;<\/p>\n<p><a href=\"http:\/\/www.kunstprofil-gso.de\/wp-content\/uploads\/2018\/10\/IMG_3951.mov\">IMG_395<\/a><\/p>\n","protected":false},"excerpt":{"rendered":"<p>na ja, ist schon etwas weicher &#8211; aus Ytong, Porenbeton. Der Q1-Kunstkurs erzeugt steinerne Weintrauben, Avocados und \u00e4hnliche s\u00fcsse Fr\u00fcchtchen. &nbsp; IMG_395<\/p>\n","protected":false},"author":1,"featured_media":5820,"comment_status":"open","ping_status":"open","sticky":false,"template":"","format":"standard","meta":{"footnotes":""},"categories":[28,1,54,49,13],"tags":[],"class_list":["post-5834","post","type-post","status-publish","format-standard","has-post-thumbnail","hentry","category-12-jg","category-allgemein","category-foodart","category-skulpturplastik","category-video"],"_links":{"self":[{"href":"http:\/\/www.kunstprofil-gso.de\/index.php?rest_route=\/wp\/v2\/posts\/5834","targetHints":{"allow":["GET"]}}],"collection":[{"href":"http:\/\/www.kunstprofil-gso.de\/index.php?rest_route=\/wp\/v2\/posts"}],"about":[{"href":"http:\/\/www.kunstprofil-gso.de\/index.php?rest_route=\/wp\/v2\/types\/post"}],"author":[{"embeddable":true,"href":"http:\/\/www.kunstprofil-gso.de\/index.php?rest_route=\/wp\/v2\/users\/1"}],"replies":[{"embeddable":true,"href":"http:\/\/www.kunstprofil-gso.de\/index.php?rest_route=%2Fwp%2Fv2%2Fcomments&post=5834"}],"version-history":[{"count":8,"href":"http:\/\/www.kunstprofil-gso.de\/index.php?rest_route=\/wp\/v2\/posts\/5834\/revisions"}],"predecessor-version":[{"id":5853,"href":"http:\/\/www.kunstprofil-gso.de\/index.php?rest_route=\/wp\/v2\/posts\/5834\/revisions\/5853"}],"wp:featuredmedia":[{"embeddable":true,"href":"http:\/\/www.kunstprofil-gso.de\/index.php?rest_route=\/wp\/v2\/media\/5820"}],"wp:attachment":[{"href":"http:\/\/www.kunstprofil-gso.de\/index.php?rest_route=%2Fwp%2Fv2%2Fmedia&parent=5834"}],"wp:term":[{"taxonomy":"category","embeddable":true,"href":"http:\/\/www.kunstprofil-gso.de\/index.php?rest_route=%2Fwp%2Fv2%2Fcategories&post=5834"},{"taxonomy":"post_tag","embeddable":true,"href":"http:\/\/www.kunstprofil-gso.de\/index.php?rest_route=%2Fwp%2Fv2%2Ftags&post=5834"}],"curies":[{"name":"wp","href":"https:\/\/api.w.org\/{rel}","templated":true}]}}