{"id":5767,"date":"2018-10-17T12:28:18","date_gmt":"2018-10-17T10:28:18","guid":{"rendered":"http:\/\/www.kunstprofil-gso.de\/?p=5767"},"modified":"2018-10-17T12:28:18","modified_gmt":"2018-10-17T10:28:18","slug":"kunstwerkstatt-mit-essen","status":"publish","type":"post","link":"http:\/\/www.kunstprofil-gso.de\/?p=5767","title":{"rendered":"Kunstwerkstatt mit Essen"},"content":{"rendered":"<p>Eindr\u00fccke und Schnappsch\u00fcsse aus dem Kunstkurs im 13. Jahrgang. Malerisch, Styroporm\u00e4ssig oder fotografisch wird das Thema &#8222;Lebensmittel&#8220; beackert. Offenbar werden auch welche, vor allem s\u00fcsse, konsumiert.<\/p>\n<p>Fotos: Oktawia<\/p>\n<p><a href=\"http:\/\/www.kunstprofil-gso.de\/wp-content\/uploads\/2018\/10\/Werkstatt09.jpg\" rel=\"wpdevart_lightbox\"><img loading=\"lazy\" decoding=\"async\" class=\"alignleft size-thumbnail wp-image-5776\" src=\"http:\/\/www.kunstprofil-gso.de\/wp-content\/uploads\/2018\/10\/Werkstatt09-180x180.jpg\" alt=\"\" width=\"180\" height=\"180\" srcset=\"http:\/\/www.kunstprofil-gso.de\/wp-content\/uploads\/2018\/10\/Werkstatt09-180x180.jpg 180w, http:\/\/www.kunstprofil-gso.de\/wp-content\/uploads\/2018\/10\/Werkstatt09-200x200.jpg 200w, http:\/\/www.kunstprofil-gso.de\/wp-content\/uploads\/2018\/10\/Werkstatt09-768x768.jpg 768w, http:\/\/www.kunstprofil-gso.de\/wp-content\/uploads\/2018\/10\/Werkstatt09-624x624.jpg 624w, http:\/\/www.kunstprofil-gso.de\/wp-content\/uploads\/2018\/10\/Werkstatt09.jpg 1500w\" sizes=\"auto, (max-width: 180px) 100vw, 180px\" \/><\/a> <a href=\"http:\/\/www.kunstprofil-gso.de\/wp-content\/uploads\/2018\/10\/Werkstatt08.jpg\" rel=\"wpdevart_lightbox\"><img loading=\"lazy\" decoding=\"async\" class=\"alignleft size-thumbnail wp-image-5775\" src=\"http:\/\/www.kunstprofil-gso.de\/wp-content\/uploads\/2018\/10\/Werkstatt08-180x180.jpg\" alt=\"\" width=\"180\" height=\"180\" srcset=\"http:\/\/www.kunstprofil-gso.de\/wp-content\/uploads\/2018\/10\/Werkstatt08-180x180.jpg 180w, http:\/\/www.kunstprofil-gso.de\/wp-content\/uploads\/2018\/10\/Werkstatt08-200x200.jpg 200w, http:\/\/www.kunstprofil-gso.de\/wp-content\/uploads\/2018\/10\/Werkstatt08-768x768.jpg 768w, http:\/\/www.kunstprofil-gso.de\/wp-content\/uploads\/2018\/10\/Werkstatt08-624x624.jpg 624w, http:\/\/www.kunstprofil-gso.de\/wp-content\/uploads\/2018\/10\/Werkstatt08.jpg 1500w\" sizes=\"auto, (max-width: 180px) 100vw, 180px\" \/><\/a> <a href=\"http:\/\/www.kunstprofil-gso.de\/wp-content\/uploads\/2018\/10\/Werkstatt07.jpg\" rel=\"wpdevart_lightbox\"><img loading=\"lazy\" decoding=\"async\" class=\"alignleft size-thumbnail wp-image-5774\" src=\"http:\/\/www.kunstprofil-gso.de\/wp-content\/uploads\/2018\/10\/Werkstatt07-180x180.jpg\" alt=\"\" width=\"180\" height=\"180\" srcset=\"http:\/\/www.kunstprofil-gso.de\/wp-content\/uploads\/2018\/10\/Werkstatt07-180x180.jpg 180w, http:\/\/www.kunstprofil-gso.de\/wp-content\/uploads\/2018\/10\/Werkstatt07-200x200.jpg 200w, http:\/\/www.kunstprofil-gso.de\/wp-content\/uploads\/2018\/10\/Werkstatt07-768x768.jpg 768w, http:\/\/www.kunstprofil-gso.de\/wp-content\/uploads\/2018\/10\/Werkstatt07-624x624.jpg 624w, http:\/\/www.kunstprofil-gso.de\/wp-content\/uploads\/2018\/10\/Werkstatt07.jpg 1500w\" sizes=\"auto, (max-width: 180px) 100vw, 180px\" \/><\/a> <a href=\"http:\/\/www.kunstprofil-gso.de\/wp-content\/uploads\/2018\/10\/Werkstatt06.jpg\" rel=\"wpdevart_lightbox\"><img loading=\"lazy\" decoding=\"async\" class=\"alignleft size-thumbnail wp-image-5773\" src=\"http:\/\/www.kunstprofil-gso.de\/wp-content\/uploads\/2018\/10\/Werkstatt06-180x180.jpg\" alt=\"\" width=\"180\" height=\"180\" srcset=\"http:\/\/www.kunstprofil-gso.de\/wp-content\/uploads\/2018\/10\/Werkstatt06-180x180.jpg 180w, http:\/\/www.kunstprofil-gso.de\/wp-content\/uploads\/2018\/10\/Werkstatt06-200x200.jpg 200w, http:\/\/www.kunstprofil-gso.de\/wp-content\/uploads\/2018\/10\/Werkstatt06-768x768.jpg 768w, http:\/\/www.kunstprofil-gso.de\/wp-content\/uploads\/2018\/10\/Werkstatt06-624x624.jpg 624w, http:\/\/www.kunstprofil-gso.de\/wp-content\/uploads\/2018\/10\/Werkstatt06.jpg 1500w\" sizes=\"auto, (max-width: 180px) 100vw, 180px\" \/><\/a> <a href=\"http:\/\/www.kunstprofil-gso.de\/wp-content\/uploads\/2018\/10\/Werkstatt05.jpg\" rel=\"wpdevart_lightbox\"><img loading=\"lazy\" decoding=\"async\" class=\"alignleft size-thumbnail wp-image-5772\" src=\"http:\/\/www.kunstprofil-gso.de\/wp-content\/uploads\/2018\/10\/Werkstatt05-180x180.jpg\" alt=\"\" width=\"180\" height=\"180\" srcset=\"http:\/\/www.kunstprofil-gso.de\/wp-content\/uploads\/2018\/10\/Werkstatt05-180x180.jpg 180w, http:\/\/www.kunstprofil-gso.de\/wp-content\/uploads\/2018\/10\/Werkstatt05-200x200.jpg 200w, http:\/\/www.kunstprofil-gso.de\/wp-content\/uploads\/2018\/10\/Werkstatt05-768x768.jpg 768w, http:\/\/www.kunstprofil-gso.de\/wp-content\/uploads\/2018\/10\/Werkstatt05-624x624.jpg 624w, http:\/\/www.kunstprofil-gso.de\/wp-content\/uploads\/2018\/10\/Werkstatt05.jpg 1500w\" sizes=\"auto, (max-width: 180px) 100vw, 180px\" \/><\/a> <a href=\"http:\/\/www.kunstprofil-gso.de\/wp-content\/uploads\/2018\/10\/Werkstatt04.jpg\" rel=\"wpdevart_lightbox\"><img loading=\"lazy\" decoding=\"async\" class=\"alignleft size-thumbnail wp-image-5771\" src=\"http:\/\/www.kunstprofil-gso.de\/wp-content\/uploads\/2018\/10\/Werkstatt04-180x180.jpg\" alt=\"\" width=\"180\" height=\"180\" srcset=\"http:\/\/www.kunstprofil-gso.de\/wp-content\/uploads\/2018\/10\/Werkstatt04-180x180.jpg 180w, http:\/\/www.kunstprofil-gso.de\/wp-content\/uploads\/2018\/10\/Werkstatt04-200x200.jpg 200w, http:\/\/www.kunstprofil-gso.de\/wp-content\/uploads\/2018\/10\/Werkstatt04-768x768.jpg 768w, http:\/\/www.kunstprofil-gso.de\/wp-content\/uploads\/2018\/10\/Werkstatt04-624x624.jpg 624w, http:\/\/www.kunstprofil-gso.de\/wp-content\/uploads\/2018\/10\/Werkstatt04.jpg 1500w\" sizes=\"auto, (max-width: 180px) 100vw, 180px\" \/><\/a> <a href=\"http:\/\/www.kunstprofil-gso.de\/wp-content\/uploads\/2018\/10\/Werkstatt03.jpg\" rel=\"wpdevart_lightbox\"><img loading=\"lazy\" decoding=\"async\" class=\"alignleft size-thumbnail wp-image-5770\" src=\"http:\/\/www.kunstprofil-gso.de\/wp-content\/uploads\/2018\/10\/Werkstatt03-180x180.jpg\" alt=\"\" width=\"180\" height=\"180\" srcset=\"http:\/\/www.kunstprofil-gso.de\/wp-content\/uploads\/2018\/10\/Werkstatt03-180x180.jpg 180w, http:\/\/www.kunstprofil-gso.de\/wp-content\/uploads\/2018\/10\/Werkstatt03-200x200.jpg 200w, http:\/\/www.kunstprofil-gso.de\/wp-content\/uploads\/2018\/10\/Werkstatt03-768x768.jpg 768w, http:\/\/www.kunstprofil-gso.de\/wp-content\/uploads\/2018\/10\/Werkstatt03-624x624.jpg 624w, http:\/\/www.kunstprofil-gso.de\/wp-content\/uploads\/2018\/10\/Werkstatt03.jpg 1500w\" sizes=\"auto, (max-width: 180px) 100vw, 180px\" \/><\/a> <a href=\"http:\/\/www.kunstprofil-gso.de\/wp-content\/uploads\/2018\/10\/Werkstatt02.jpg\" rel=\"wpdevart_lightbox\"><img loading=\"lazy\" decoding=\"async\" class=\"alignleft size-thumbnail wp-image-5769\" src=\"http:\/\/www.kunstprofil-gso.de\/wp-content\/uploads\/2018\/10\/Werkstatt02-180x180.jpg\" alt=\"\" width=\"180\" height=\"180\" srcset=\"http:\/\/www.kunstprofil-gso.de\/wp-content\/uploads\/2018\/10\/Werkstatt02-180x180.jpg 180w, http:\/\/www.kunstprofil-gso.de\/wp-content\/uploads\/2018\/10\/Werkstatt02-200x200.jpg 200w, http:\/\/www.kunstprofil-gso.de\/wp-content\/uploads\/2018\/10\/Werkstatt02-768x768.jpg 768w, http:\/\/www.kunstprofil-gso.de\/wp-content\/uploads\/2018\/10\/Werkstatt02-624x624.jpg 624w, http:\/\/www.kunstprofil-gso.de\/wp-content\/uploads\/2018\/10\/Werkstatt02.jpg 1500w\" sizes=\"auto, (max-width: 180px) 100vw, 180px\" \/><\/a> <a href=\"http:\/\/www.kunstprofil-gso.de\/wp-content\/uploads\/2018\/10\/Werkstatt01.jpg\" rel=\"wpdevart_lightbox\"><img loading=\"lazy\" decoding=\"async\" class=\"alignleft size-thumbnail wp-image-5768\" src=\"http:\/\/www.kunstprofil-gso.de\/wp-content\/uploads\/2018\/10\/Werkstatt01-180x180.jpg\" alt=\"\" width=\"180\" height=\"180\" srcset=\"http:\/\/www.kunstprofil-gso.de\/wp-content\/uploads\/2018\/10\/Werkstatt01-180x180.jpg 180w, http:\/\/www.kunstprofil-gso.de\/wp-content\/uploads\/2018\/10\/Werkstatt01-200x200.jpg 200w, http:\/\/www.kunstprofil-gso.de\/wp-content\/uploads\/2018\/10\/Werkstatt01-768x768.jpg 768w, http:\/\/www.kunstprofil-gso.de\/wp-content\/uploads\/2018\/10\/Werkstatt01-624x624.jpg 624w, http:\/\/www.kunstprofil-gso.de\/wp-content\/uploads\/2018\/10\/Werkstatt01.jpg 1500w\" sizes=\"auto, (max-width: 180px) 100vw, 180px\" \/><\/a><\/p>\n","protected":false},"excerpt":{"rendered":"<p>Eindr\u00fccke und Schnappsch\u00fcsse aus dem Kunstkurs im 13. Jahrgang. Malerisch, Styroporm\u00e4ssig oder fotografisch wird das Thema &#8222;Lebensmittel&#8220; beackert. Offenbar werden auch welche, vor allem s\u00fcsse, konsumiert. Fotos: Oktawia<\/p>\n","protected":false},"author":1,"featured_media":5777,"comment_status":"open","ping_status":"open","sticky":false,"template":"","format":"standard","meta":{"footnotes":""},"categories":[39,54,24],"tags":[],"class_list":["post-5767","post","type-post","status-publish","format-standard","has-post-thumbnail","hentry","category-13-jg","category-foodart","category-oberstufe"],"_links":{"self":[{"href":"http:\/\/www.kunstprofil-gso.de\/index.php?rest_route=\/wp\/v2\/posts\/5767","targetHints":{"allow":["GET"]}}],"collection":[{"href":"http:\/\/www.kunstprofil-gso.de\/index.php?rest_route=\/wp\/v2\/posts"}],"about":[{"href":"http:\/\/www.kunstprofil-gso.de\/index.php?rest_route=\/wp\/v2\/types\/post"}],"author":[{"embeddable":true,"href":"http:\/\/www.kunstprofil-gso.de\/index.php?rest_route=\/wp\/v2\/users\/1"}],"replies":[{"embeddable":true,"href":"http:\/\/www.kunstprofil-gso.de\/index.php?rest_route=%2Fwp%2Fv2%2Fcomments&post=5767"}],"version-history":[{"count":1,"href":"http:\/\/www.kunstprofil-gso.de\/index.php?rest_route=\/wp\/v2\/posts\/5767\/revisions"}],"predecessor-version":[{"id":5778,"href":"http:\/\/www.kunstprofil-gso.de\/index.php?rest_route=\/wp\/v2\/posts\/5767\/revisions\/5778"}],"wp:featuredmedia":[{"embeddable":true,"href":"http:\/\/www.kunstprofil-gso.de\/index.php?rest_route=\/wp\/v2\/media\/5777"}],"wp:attachment":[{"href":"http:\/\/www.kunstprofil-gso.de\/index.php?rest_route=%2Fwp%2Fv2%2Fmedia&parent=5767"}],"wp:term":[{"taxonomy":"category","embeddable":true,"href":"http:\/\/www.kunstprofil-gso.de\/index.php?rest_route=%2Fwp%2Fv2%2Fcategories&post=5767"},{"taxonomy":"post_tag","embeddable":true,"href":"http:\/\/www.kunstprofil-gso.de\/index.php?rest_route=%2Fwp%2Fv2%2Ftags&post=5767"}],"curies":[{"name":"wp","href":"https:\/\/api.w.org\/{rel}","templated":true}]}}