{"id":5721,"date":"2018-09-30T10:06:08","date_gmt":"2018-09-30T08:06:08","guid":{"rendered":"http:\/\/www.kunstprofil-gso.de\/?p=5721"},"modified":"2018-09-30T16:44:12","modified_gmt":"2018-09-30T14:44:12","slug":"sonneblumen","status":"publish","type":"post","link":"http:\/\/www.kunstprofil-gso.de\/?p=5721","title":{"rendered":"Sonnenblumen&#8230;"},"content":{"rendered":"<p>Auf den Feldern und in den G\u00e4rten sind sie schon verbl\u00fcht und die V\u00f6gel verputzen schon mal die Kerne. Hier noch einmal in voller Pracht von der Klasse 6.4.<\/p>\n<p><a href=\"http:\/\/www.kunstprofil-gso.de\/wp-content\/uploads\/2018\/09\/sonnenblumen01.jpg\" rel=\"wpdevart_lightbox\"><img loading=\"lazy\" decoding=\"async\" class=\"alignleft size-thumbnail wp-image-5722\" src=\"http:\/\/www.kunstprofil-gso.de\/wp-content\/uploads\/2018\/09\/sonnenblumen01-180x180.jpg\" alt=\"\" width=\"180\" height=\"180\" srcset=\"http:\/\/www.kunstprofil-gso.de\/wp-content\/uploads\/2018\/09\/sonnenblumen01-180x180.jpg 180w, http:\/\/www.kunstprofil-gso.de\/wp-content\/uploads\/2018\/09\/sonnenblumen01-200x200.jpg 200w, http:\/\/www.kunstprofil-gso.de\/wp-content\/uploads\/2018\/09\/sonnenblumen01-768x768.jpg 768w, http:\/\/www.kunstprofil-gso.de\/wp-content\/uploads\/2018\/09\/sonnenblumen01-624x624.jpg 624w, http:\/\/www.kunstprofil-gso.de\/wp-content\/uploads\/2018\/09\/sonnenblumen01.jpg 1500w\" sizes=\"auto, (max-width: 180px) 100vw, 180px\" \/><\/a> <a href=\"http:\/\/www.kunstprofil-gso.de\/wp-content\/uploads\/2018\/09\/sonnenblumen02.jpg\" rel=\"wpdevart_lightbox\"><img loading=\"lazy\" decoding=\"async\" class=\"alignleft size-thumbnail wp-image-5723\" src=\"http:\/\/www.kunstprofil-gso.de\/wp-content\/uploads\/2018\/09\/sonnenblumen02-180x180.jpg\" alt=\"\" width=\"180\" height=\"180\" srcset=\"http:\/\/www.kunstprofil-gso.de\/wp-content\/uploads\/2018\/09\/sonnenblumen02-180x180.jpg 180w, http:\/\/www.kunstprofil-gso.de\/wp-content\/uploads\/2018\/09\/sonnenblumen02-200x200.jpg 200w, http:\/\/www.kunstprofil-gso.de\/wp-content\/uploads\/2018\/09\/sonnenblumen02-768x768.jpg 768w, http:\/\/www.kunstprofil-gso.de\/wp-content\/uploads\/2018\/09\/sonnenblumen02-624x624.jpg 624w, http:\/\/www.kunstprofil-gso.de\/wp-content\/uploads\/2018\/09\/sonnenblumen02.jpg 1500w\" sizes=\"auto, (max-width: 180px) 100vw, 180px\" \/><\/a> <a href=\"http:\/\/www.kunstprofil-gso.de\/wp-content\/uploads\/2018\/09\/sonnenblumen03.jpg\" rel=\"wpdevart_lightbox\"><img loading=\"lazy\" decoding=\"async\" class=\"alignleft size-thumbnail wp-image-5724\" src=\"http:\/\/www.kunstprofil-gso.de\/wp-content\/uploads\/2018\/09\/sonnenblumen03-180x180.jpg\" alt=\"\" width=\"180\" height=\"180\" srcset=\"http:\/\/www.kunstprofil-gso.de\/wp-content\/uploads\/2018\/09\/sonnenblumen03-180x180.jpg 180w, http:\/\/www.kunstprofil-gso.de\/wp-content\/uploads\/2018\/09\/sonnenblumen03-200x200.jpg 200w, http:\/\/www.kunstprofil-gso.de\/wp-content\/uploads\/2018\/09\/sonnenblumen03-768x768.jpg 768w, http:\/\/www.kunstprofil-gso.de\/wp-content\/uploads\/2018\/09\/sonnenblumen03-624x624.jpg 624w, http:\/\/www.kunstprofil-gso.de\/wp-content\/uploads\/2018\/09\/sonnenblumen03.jpg 1500w\" sizes=\"auto, (max-width: 180px) 100vw, 180px\" \/><\/a> <a href=\"http:\/\/www.kunstprofil-gso.de\/wp-content\/uploads\/2018\/09\/sonnenblumen04.jpg\" rel=\"wpdevart_lightbox\"><img loading=\"lazy\" decoding=\"async\" class=\"alignleft size-thumbnail wp-image-5725\" src=\"http:\/\/www.kunstprofil-gso.de\/wp-content\/uploads\/2018\/09\/sonnenblumen04-180x180.jpg\" alt=\"\" width=\"180\" height=\"180\" srcset=\"http:\/\/www.kunstprofil-gso.de\/wp-content\/uploads\/2018\/09\/sonnenblumen04-180x180.jpg 180w, http:\/\/www.kunstprofil-gso.de\/wp-content\/uploads\/2018\/09\/sonnenblumen04-200x200.jpg 200w, http:\/\/www.kunstprofil-gso.de\/wp-content\/uploads\/2018\/09\/sonnenblumen04-768x768.jpg 768w, http:\/\/www.kunstprofil-gso.de\/wp-content\/uploads\/2018\/09\/sonnenblumen04-624x624.jpg 624w, http:\/\/www.kunstprofil-gso.de\/wp-content\/uploads\/2018\/09\/sonnenblumen04.jpg 1500w\" sizes=\"auto, (max-width: 180px) 100vw, 180px\" \/><\/a> <a href=\"http:\/\/www.kunstprofil-gso.de\/wp-content\/uploads\/2018\/09\/sonnenblumen05.jpg\" rel=\"wpdevart_lightbox\"><img loading=\"lazy\" decoding=\"async\" class=\"alignleft size-thumbnail wp-image-5726\" src=\"http:\/\/www.kunstprofil-gso.de\/wp-content\/uploads\/2018\/09\/sonnenblumen05-180x180.jpg\" alt=\"\" width=\"180\" height=\"180\" srcset=\"http:\/\/www.kunstprofil-gso.de\/wp-content\/uploads\/2018\/09\/sonnenblumen05-180x180.jpg 180w, http:\/\/www.kunstprofil-gso.de\/wp-content\/uploads\/2018\/09\/sonnenblumen05-200x200.jpg 200w, http:\/\/www.kunstprofil-gso.de\/wp-content\/uploads\/2018\/09\/sonnenblumen05-768x768.jpg 768w, http:\/\/www.kunstprofil-gso.de\/wp-content\/uploads\/2018\/09\/sonnenblumen05-624x624.jpg 624w, http:\/\/www.kunstprofil-gso.de\/wp-content\/uploads\/2018\/09\/sonnenblumen05.jpg 1500w\" sizes=\"auto, (max-width: 180px) 100vw, 180px\" \/><\/a> <a href=\"http:\/\/www.kunstprofil-gso.de\/wp-content\/uploads\/2018\/09\/sonnenblumen06.jpg\" rel=\"wpdevart_lightbox\"><img loading=\"lazy\" decoding=\"async\" class=\"alignleft size-thumbnail wp-image-5727\" src=\"http:\/\/www.kunstprofil-gso.de\/wp-content\/uploads\/2018\/09\/sonnenblumen06-180x180.jpg\" alt=\"\" width=\"180\" height=\"180\" srcset=\"http:\/\/www.kunstprofil-gso.de\/wp-content\/uploads\/2018\/09\/sonnenblumen06-180x180.jpg 180w, http:\/\/www.kunstprofil-gso.de\/wp-content\/uploads\/2018\/09\/sonnenblumen06-200x200.jpg 200w, http:\/\/www.kunstprofil-gso.de\/wp-content\/uploads\/2018\/09\/sonnenblumen06-768x768.jpg 768w, http:\/\/www.kunstprofil-gso.de\/wp-content\/uploads\/2018\/09\/sonnenblumen06-624x624.jpg 624w, http:\/\/www.kunstprofil-gso.de\/wp-content\/uploads\/2018\/09\/sonnenblumen06.jpg 1500w\" sizes=\"auto, (max-width: 180px) 100vw, 180px\" \/><\/a> <a href=\"http:\/\/www.kunstprofil-gso.de\/wp-content\/uploads\/2018\/09\/sonnenblumen08.jpg\" rel=\"wpdevart_lightbox\"><img loading=\"lazy\" decoding=\"async\" class=\"alignleft size-thumbnail wp-image-5729\" src=\"http:\/\/www.kunstprofil-gso.de\/wp-content\/uploads\/2018\/09\/sonnenblumen08-180x180.jpg\" alt=\"\" width=\"180\" height=\"180\" srcset=\"http:\/\/www.kunstprofil-gso.de\/wp-content\/uploads\/2018\/09\/sonnenblumen08-180x180.jpg 180w, http:\/\/www.kunstprofil-gso.de\/wp-content\/uploads\/2018\/09\/sonnenblumen08-200x200.jpg 200w, http:\/\/www.kunstprofil-gso.de\/wp-content\/uploads\/2018\/09\/sonnenblumen08-768x768.jpg 768w, http:\/\/www.kunstprofil-gso.de\/wp-content\/uploads\/2018\/09\/sonnenblumen08-624x624.jpg 624w, http:\/\/www.kunstprofil-gso.de\/wp-content\/uploads\/2018\/09\/sonnenblumen08.jpg 1500w\" sizes=\"auto, (max-width: 180px) 100vw, 180px\" \/><\/a> <a href=\"http:\/\/www.kunstprofil-gso.de\/wp-content\/uploads\/2018\/09\/sonnenblumen09.jpg\" rel=\"wpdevart_lightbox\"><img loading=\"lazy\" decoding=\"async\" class=\"alignleft size-thumbnail wp-image-5730\" src=\"http:\/\/www.kunstprofil-gso.de\/wp-content\/uploads\/2018\/09\/sonnenblumen09-180x180.jpg\" alt=\"\" width=\"180\" height=\"180\" srcset=\"http:\/\/www.kunstprofil-gso.de\/wp-content\/uploads\/2018\/09\/sonnenblumen09-180x180.jpg 180w, http:\/\/www.kunstprofil-gso.de\/wp-content\/uploads\/2018\/09\/sonnenblumen09-200x200.jpg 200w, http:\/\/www.kunstprofil-gso.de\/wp-content\/uploads\/2018\/09\/sonnenblumen09-768x768.jpg 768w, http:\/\/www.kunstprofil-gso.de\/wp-content\/uploads\/2018\/09\/sonnenblumen09-624x624.jpg 624w, http:\/\/www.kunstprofil-gso.de\/wp-content\/uploads\/2018\/09\/sonnenblumen09.jpg 1500w\" sizes=\"auto, (max-width: 180px) 100vw, 180px\" \/><\/a> <a href=\"http:\/\/www.kunstprofil-gso.de\/wp-content\/uploads\/2018\/09\/sonnenblumen10.jpg\" rel=\"wpdevart_lightbox\"><img loading=\"lazy\" decoding=\"async\" class=\"alignleft size-thumbnail wp-image-5731\" src=\"http:\/\/www.kunstprofil-gso.de\/wp-content\/uploads\/2018\/09\/sonnenblumen10-180x180.jpg\" alt=\"\" width=\"180\" height=\"180\" srcset=\"http:\/\/www.kunstprofil-gso.de\/wp-content\/uploads\/2018\/09\/sonnenblumen10-180x180.jpg 180w, http:\/\/www.kunstprofil-gso.de\/wp-content\/uploads\/2018\/09\/sonnenblumen10-200x200.jpg 200w, http:\/\/www.kunstprofil-gso.de\/wp-content\/uploads\/2018\/09\/sonnenblumen10-768x768.jpg 768w, http:\/\/www.kunstprofil-gso.de\/wp-content\/uploads\/2018\/09\/sonnenblumen10-624x624.jpg 624w, http:\/\/www.kunstprofil-gso.de\/wp-content\/uploads\/2018\/09\/sonnenblumen10.jpg 1500w\" sizes=\"auto, (max-width: 180px) 100vw, 180px\" \/><\/a><\/p>\n","protected":false},"excerpt":{"rendered":"<p>Auf den Feldern und in den G\u00e4rten sind sie schon verbl\u00fcht und die V\u00f6gel verputzen schon mal die Kerne. Hier noch einmal in voller Pracht von der Klasse 6.4.<\/p>\n","protected":false},"author":1,"featured_media":5728,"comment_status":"open","ping_status":"open","sticky":false,"template":"","format":"standard","meta":{"footnotes":""},"categories":[55],"tags":[],"class_list":["post-5721","post","type-post","status-publish","format-standard","has-post-thumbnail","hentry","category-6-4"],"_links":{"self":[{"href":"http:\/\/www.kunstprofil-gso.de\/index.php?rest_route=\/wp\/v2\/posts\/5721","targetHints":{"allow":["GET"]}}],"collection":[{"href":"http:\/\/www.kunstprofil-gso.de\/index.php?rest_route=\/wp\/v2\/posts"}],"about":[{"href":"http:\/\/www.kunstprofil-gso.de\/index.php?rest_route=\/wp\/v2\/types\/post"}],"author":[{"embeddable":true,"href":"http:\/\/www.kunstprofil-gso.de\/index.php?rest_route=\/wp\/v2\/users\/1"}],"replies":[{"embeddable":true,"href":"http:\/\/www.kunstprofil-gso.de\/index.php?rest_route=%2Fwp%2Fv2%2Fcomments&post=5721"}],"version-history":[{"count":2,"href":"http:\/\/www.kunstprofil-gso.de\/index.php?rest_route=\/wp\/v2\/posts\/5721\/revisions"}],"predecessor-version":[{"id":5733,"href":"http:\/\/www.kunstprofil-gso.de\/index.php?rest_route=\/wp\/v2\/posts\/5721\/revisions\/5733"}],"wp:featuredmedia":[{"embeddable":true,"href":"http:\/\/www.kunstprofil-gso.de\/index.php?rest_route=\/wp\/v2\/media\/5728"}],"wp:attachment":[{"href":"http:\/\/www.kunstprofil-gso.de\/index.php?rest_route=%2Fwp%2Fv2%2Fmedia&parent=5721"}],"wp:term":[{"taxonomy":"category","embeddable":true,"href":"http:\/\/www.kunstprofil-gso.de\/index.php?rest_route=%2Fwp%2Fv2%2Fcategories&post=5721"},{"taxonomy":"post_tag","embeddable":true,"href":"http:\/\/www.kunstprofil-gso.de\/index.php?rest_route=%2Fwp%2Fv2%2Ftags&post=5721"}],"curies":[{"name":"wp","href":"https:\/\/api.w.org\/{rel}","templated":true}]}}