{"id":5697,"date":"2018-09-28T17:16:35","date_gmt":"2018-09-28T15:16:35","guid":{"rendered":"http:\/\/www.kunstprofil-gso.de\/?p=5697"},"modified":"2018-09-28T17:16:35","modified_gmt":"2018-09-28T15:16:35","slug":"kaeseecken-tortenstuecke-brathaehnchen-usw","status":"publish","type":"post","link":"http:\/\/www.kunstprofil-gso.de\/?p=5697","title":{"rendered":"K\u00e4seecken, Tortenst\u00fccke, Brath\u00e4hnchen usw."},"content":{"rendered":"<p>alles ziemlich ungeniessbar weil aus Porenbeton oder Kaninchendraht.<\/p>\n<p>Der Kunstkurs im 11. Jg. raspelt, s\u00e4gt, biegt, meisselt an wenig geniessbarem, aber schick anzusehendem Esszeug herum.<\/p>\n<p><a href=\"http:\/\/www.kunstprofil-gso.de\/wp-content\/uploads\/2018\/09\/Torten-u.a.1.jpg\" rel=\"wpdevart_lightbox\"><img loading=\"lazy\" decoding=\"async\" class=\"alignleft size-thumbnail wp-image-5698\" src=\"http:\/\/www.kunstprofil-gso.de\/wp-content\/uploads\/2018\/09\/Torten-u.a.1-180x180.jpg\" alt=\"\" width=\"180\" height=\"180\" srcset=\"http:\/\/www.kunstprofil-gso.de\/wp-content\/uploads\/2018\/09\/Torten-u.a.1-180x180.jpg 180w, http:\/\/www.kunstprofil-gso.de\/wp-content\/uploads\/2018\/09\/Torten-u.a.1-200x200.jpg 200w, http:\/\/www.kunstprofil-gso.de\/wp-content\/uploads\/2018\/09\/Torten-u.a.1-768x768.jpg 768w, http:\/\/www.kunstprofil-gso.de\/wp-content\/uploads\/2018\/09\/Torten-u.a.1-624x624.jpg 624w, http:\/\/www.kunstprofil-gso.de\/wp-content\/uploads\/2018\/09\/Torten-u.a.1.jpg 1500w\" sizes=\"auto, (max-width: 180px) 100vw, 180px\" \/><\/a> <a href=\"http:\/\/www.kunstprofil-gso.de\/wp-content\/uploads\/2018\/09\/Torten-u.a.2.jpg\" rel=\"wpdevart_lightbox\"><img loading=\"lazy\" decoding=\"async\" class=\"alignleft size-thumbnail wp-image-5699\" src=\"http:\/\/www.kunstprofil-gso.de\/wp-content\/uploads\/2018\/09\/Torten-u.a.2-180x180.jpg\" alt=\"\" width=\"180\" height=\"180\" srcset=\"http:\/\/www.kunstprofil-gso.de\/wp-content\/uploads\/2018\/09\/Torten-u.a.2-180x180.jpg 180w, http:\/\/www.kunstprofil-gso.de\/wp-content\/uploads\/2018\/09\/Torten-u.a.2-200x200.jpg 200w, http:\/\/www.kunstprofil-gso.de\/wp-content\/uploads\/2018\/09\/Torten-u.a.2-768x768.jpg 768w, http:\/\/www.kunstprofil-gso.de\/wp-content\/uploads\/2018\/09\/Torten-u.a.2-624x624.jpg 624w, http:\/\/www.kunstprofil-gso.de\/wp-content\/uploads\/2018\/09\/Torten-u.a.2.jpg 1500w\" sizes=\"auto, (max-width: 180px) 100vw, 180px\" \/><\/a> <a href=\"http:\/\/www.kunstprofil-gso.de\/wp-content\/uploads\/2018\/09\/Torten-u.a.3.jpg\" rel=\"wpdevart_lightbox\"><img loading=\"lazy\" decoding=\"async\" class=\"alignleft size-thumbnail wp-image-5700\" src=\"http:\/\/www.kunstprofil-gso.de\/wp-content\/uploads\/2018\/09\/Torten-u.a.3-180x180.jpg\" alt=\"\" width=\"180\" height=\"180\" srcset=\"http:\/\/www.kunstprofil-gso.de\/wp-content\/uploads\/2018\/09\/Torten-u.a.3-180x180.jpg 180w, http:\/\/www.kunstprofil-gso.de\/wp-content\/uploads\/2018\/09\/Torten-u.a.3-200x200.jpg 200w, http:\/\/www.kunstprofil-gso.de\/wp-content\/uploads\/2018\/09\/Torten-u.a.3-768x768.jpg 768w, http:\/\/www.kunstprofil-gso.de\/wp-content\/uploads\/2018\/09\/Torten-u.a.3-624x624.jpg 624w, http:\/\/www.kunstprofil-gso.de\/wp-content\/uploads\/2018\/09\/Torten-u.a.3.jpg 1500w\" sizes=\"auto, (max-width: 180px) 100vw, 180px\" \/><\/a> <a href=\"http:\/\/www.kunstprofil-gso.de\/wp-content\/uploads\/2018\/09\/Torten-u.a.5.jpg\" rel=\"wpdevart_lightbox\"><img loading=\"lazy\" decoding=\"async\" class=\"alignleft size-thumbnail wp-image-5702\" src=\"http:\/\/www.kunstprofil-gso.de\/wp-content\/uploads\/2018\/09\/Torten-u.a.5-180x180.jpg\" alt=\"\" width=\"180\" height=\"180\" srcset=\"http:\/\/www.kunstprofil-gso.de\/wp-content\/uploads\/2018\/09\/Torten-u.a.5-180x180.jpg 180w, http:\/\/www.kunstprofil-gso.de\/wp-content\/uploads\/2018\/09\/Torten-u.a.5-200x200.jpg 200w, http:\/\/www.kunstprofil-gso.de\/wp-content\/uploads\/2018\/09\/Torten-u.a.5-768x768.jpg 768w, http:\/\/www.kunstprofil-gso.de\/wp-content\/uploads\/2018\/09\/Torten-u.a.5-624x624.jpg 624w, http:\/\/www.kunstprofil-gso.de\/wp-content\/uploads\/2018\/09\/Torten-u.a.5.jpg 1500w\" sizes=\"auto, (max-width: 180px) 100vw, 180px\" \/><\/a> <a href=\"http:\/\/www.kunstprofil-gso.de\/wp-content\/uploads\/2018\/09\/Torten-u.a.6.jpg\" rel=\"wpdevart_lightbox\"><img loading=\"lazy\" decoding=\"async\" class=\"alignleft size-thumbnail wp-image-5703\" src=\"http:\/\/www.kunstprofil-gso.de\/wp-content\/uploads\/2018\/09\/Torten-u.a.6-180x180.jpg\" alt=\"\" width=\"180\" height=\"180\" srcset=\"http:\/\/www.kunstprofil-gso.de\/wp-content\/uploads\/2018\/09\/Torten-u.a.6-180x180.jpg 180w, http:\/\/www.kunstprofil-gso.de\/wp-content\/uploads\/2018\/09\/Torten-u.a.6-200x200.jpg 200w, http:\/\/www.kunstprofil-gso.de\/wp-content\/uploads\/2018\/09\/Torten-u.a.6-768x768.jpg 768w, http:\/\/www.kunstprofil-gso.de\/wp-content\/uploads\/2018\/09\/Torten-u.a.6-624x624.jpg 624w, http:\/\/www.kunstprofil-gso.de\/wp-content\/uploads\/2018\/09\/Torten-u.a.6.jpg 1500w\" sizes=\"auto, (max-width: 180px) 100vw, 180px\" \/><\/a> <a href=\"http:\/\/www.kunstprofil-gso.de\/wp-content\/uploads\/2018\/09\/Torten-u.a.7.jpg\" rel=\"wpdevart_lightbox\"><img loading=\"lazy\" decoding=\"async\" class=\"alignleft size-thumbnail wp-image-5704\" src=\"http:\/\/www.kunstprofil-gso.de\/wp-content\/uploads\/2018\/09\/Torten-u.a.7-180x180.jpg\" alt=\"\" width=\"180\" height=\"180\" srcset=\"http:\/\/www.kunstprofil-gso.de\/wp-content\/uploads\/2018\/09\/Torten-u.a.7-180x180.jpg 180w, http:\/\/www.kunstprofil-gso.de\/wp-content\/uploads\/2018\/09\/Torten-u.a.7-200x200.jpg 200w, http:\/\/www.kunstprofil-gso.de\/wp-content\/uploads\/2018\/09\/Torten-u.a.7-768x768.jpg 768w, http:\/\/www.kunstprofil-gso.de\/wp-content\/uploads\/2018\/09\/Torten-u.a.7-624x624.jpg 624w, http:\/\/www.kunstprofil-gso.de\/wp-content\/uploads\/2018\/09\/Torten-u.a.7.jpg 1500w\" sizes=\"auto, (max-width: 180px) 100vw, 180px\" \/><\/a> <a href=\"http:\/\/www.kunstprofil-gso.de\/wp-content\/uploads\/2018\/09\/Torten-u.a.8.jpg\" rel=\"wpdevart_lightbox\"><img loading=\"lazy\" decoding=\"async\" class=\"alignleft size-thumbnail wp-image-5705\" src=\"http:\/\/www.kunstprofil-gso.de\/wp-content\/uploads\/2018\/09\/Torten-u.a.8-180x180.jpg\" alt=\"\" width=\"180\" height=\"180\" srcset=\"http:\/\/www.kunstprofil-gso.de\/wp-content\/uploads\/2018\/09\/Torten-u.a.8-180x180.jpg 180w, http:\/\/www.kunstprofil-gso.de\/wp-content\/uploads\/2018\/09\/Torten-u.a.8-200x200.jpg 200w, http:\/\/www.kunstprofil-gso.de\/wp-content\/uploads\/2018\/09\/Torten-u.a.8-768x768.jpg 768w, http:\/\/www.kunstprofil-gso.de\/wp-content\/uploads\/2018\/09\/Torten-u.a.8-624x624.jpg 624w, http:\/\/www.kunstprofil-gso.de\/wp-content\/uploads\/2018\/09\/Torten-u.a.8.jpg 1500w\" sizes=\"auto, (max-width: 180px) 100vw, 180px\" \/><\/a> <a href=\"http:\/\/www.kunstprofil-gso.de\/wp-content\/uploads\/2018\/09\/Torten-u.a.9.jpg\" rel=\"wpdevart_lightbox\"><img loading=\"lazy\" decoding=\"async\" class=\"alignleft size-thumbnail wp-image-5706\" src=\"http:\/\/www.kunstprofil-gso.de\/wp-content\/uploads\/2018\/09\/Torten-u.a.9-180x180.jpg\" alt=\"\" width=\"180\" height=\"180\" srcset=\"http:\/\/www.kunstprofil-gso.de\/wp-content\/uploads\/2018\/09\/Torten-u.a.9-180x180.jpg 180w, http:\/\/www.kunstprofil-gso.de\/wp-content\/uploads\/2018\/09\/Torten-u.a.9-200x200.jpg 200w, http:\/\/www.kunstprofil-gso.de\/wp-content\/uploads\/2018\/09\/Torten-u.a.9-768x768.jpg 768w, http:\/\/www.kunstprofil-gso.de\/wp-content\/uploads\/2018\/09\/Torten-u.a.9-624x624.jpg 624w, http:\/\/www.kunstprofil-gso.de\/wp-content\/uploads\/2018\/09\/Torten-u.a.9.jpg 1500w\" sizes=\"auto, (max-width: 180px) 100vw, 180px\" \/><\/a><\/p>\n<p>&nbsp;<\/p>\n","protected":false},"excerpt":{"rendered":"<p>alles ziemlich ungeniessbar weil aus Porenbeton oder Kaninchendraht. Der Kunstkurs im 11. Jg. raspelt, s\u00e4gt, biegt, meisselt an wenig geniessbarem, aber schick anzusehendem Esszeug herum. &nbsp;<\/p>\n","protected":false},"author":1,"featured_media":5701,"comment_status":"open","ping_status":"open","sticky":false,"template":"","format":"standard","meta":{"footnotes":""},"categories":[54,24,49],"tags":[],"class_list":["post-5697","post","type-post","status-publish","format-standard","has-post-thumbnail","hentry","category-foodart","category-oberstufe","category-skulpturplastik"],"_links":{"self":[{"href":"http:\/\/www.kunstprofil-gso.de\/index.php?rest_route=\/wp\/v2\/posts\/5697","targetHints":{"allow":["GET"]}}],"collection":[{"href":"http:\/\/www.kunstprofil-gso.de\/index.php?rest_route=\/wp\/v2\/posts"}],"about":[{"href":"http:\/\/www.kunstprofil-gso.de\/index.php?rest_route=\/wp\/v2\/types\/post"}],"author":[{"embeddable":true,"href":"http:\/\/www.kunstprofil-gso.de\/index.php?rest_route=\/wp\/v2\/users\/1"}],"replies":[{"embeddable":true,"href":"http:\/\/www.kunstprofil-gso.de\/index.php?rest_route=%2Fwp%2Fv2%2Fcomments&post=5697"}],"version-history":[{"count":1,"href":"http:\/\/www.kunstprofil-gso.de\/index.php?rest_route=\/wp\/v2\/posts\/5697\/revisions"}],"predecessor-version":[{"id":5707,"href":"http:\/\/www.kunstprofil-gso.de\/index.php?rest_route=\/wp\/v2\/posts\/5697\/revisions\/5707"}],"wp:featuredmedia":[{"embeddable":true,"href":"http:\/\/www.kunstprofil-gso.de\/index.php?rest_route=\/wp\/v2\/media\/5701"}],"wp:attachment":[{"href":"http:\/\/www.kunstprofil-gso.de\/index.php?rest_route=%2Fwp%2Fv2%2Fmedia&parent=5697"}],"wp:term":[{"taxonomy":"category","embeddable":true,"href":"http:\/\/www.kunstprofil-gso.de\/index.php?rest_route=%2Fwp%2Fv2%2Fcategories&post=5697"},{"taxonomy":"post_tag","embeddable":true,"href":"http:\/\/www.kunstprofil-gso.de\/index.php?rest_route=%2Fwp%2Fv2%2Ftags&post=5697"}],"curies":[{"name":"wp","href":"https:\/\/api.w.org\/{rel}","templated":true}]}}