{"id":4615,"date":"2016-11-01T16:42:13","date_gmt":"2016-11-01T15:42:13","guid":{"rendered":"http:\/\/www.kunstprofil-gso.de\/?p=4615"},"modified":"2016-11-01T16:42:13","modified_gmt":"2016-11-01T15:42:13","slug":"wasser-water-nass-fluessig-fest","status":"publish","type":"post","link":"http:\/\/www.kunstprofil-gso.de\/?p=4615","title":{"rendered":"#Wasser #Water #nass #fl\u00fcssig #fest"},"content":{"rendered":"<p dir=\"ltr\">#Wasser #Water #nass #fl\u00fcssig #fest #gasf\u00f6rmig #durchsichtig #farblos #geruchslos #chemische Verbindung #Sauerstoff #Wasserstoff #H2O #O #Fl\u00fcssiger Aggregatzustand #Eis #Wasserdampf<\/p>\n<p dir=\"ltr\">-&gt; Wasser ist die einzige Verbinung auf der Erde, die in der Natur als Fl\u00fcssigkeit,\u00a0 als Festk\u00f6rper und als Gas vorkommt<\/p>\n<p dir=\"ltr\">-&gt; Wasser ist die Grundlage des\u00a0 Lebens auf der Erde<\/p>\n<p dir=\"ltr\">(Fotos: Johanna und Sonja)<\/p>\n<p dir=\"ltr\"><a href=\"http:\/\/www.kunstprofil-gso.de\/wp-content\/uploads\/2016\/11\/Jo-so10.jpg\" rel=\"wpdevart_lightbox\"><img loading=\"lazy\" decoding=\"async\" class=\"alignleft size-thumbnail wp-image-4616\" src=\"http:\/\/www.kunstprofil-gso.de\/wp-content\/uploads\/2016\/11\/Jo-so10-180x180.jpg\" alt=\"jo-so10\" width=\"180\" height=\"180\" srcset=\"http:\/\/www.kunstprofil-gso.de\/wp-content\/uploads\/2016\/11\/Jo-so10-180x180.jpg 180w, http:\/\/www.kunstprofil-gso.de\/wp-content\/uploads\/2016\/11\/Jo-so10-200x200.jpg 200w, http:\/\/www.kunstprofil-gso.de\/wp-content\/uploads\/2016\/11\/Jo-so10-768x768.jpg 768w, http:\/\/www.kunstprofil-gso.de\/wp-content\/uploads\/2016\/11\/Jo-so10-624x624.jpg 624w, http:\/\/www.kunstprofil-gso.de\/wp-content\/uploads\/2016\/11\/Jo-so10.jpg 1500w\" sizes=\"auto, (max-width: 180px) 100vw, 180px\" \/><\/a> <a href=\"http:\/\/www.kunstprofil-gso.de\/wp-content\/uploads\/2016\/11\/Jo-so01.jpg\" rel=\"wpdevart_lightbox\"><img loading=\"lazy\" decoding=\"async\" class=\"alignleft size-thumbnail wp-image-4617\" src=\"http:\/\/www.kunstprofil-gso.de\/wp-content\/uploads\/2016\/11\/Jo-so01-180x180.jpg\" alt=\"jo-so01\" width=\"180\" height=\"180\" srcset=\"http:\/\/www.kunstprofil-gso.de\/wp-content\/uploads\/2016\/11\/Jo-so01-180x180.jpg 180w, http:\/\/www.kunstprofil-gso.de\/wp-content\/uploads\/2016\/11\/Jo-so01-200x200.jpg 200w, http:\/\/www.kunstprofil-gso.de\/wp-content\/uploads\/2016\/11\/Jo-so01-768x768.jpg 768w, http:\/\/www.kunstprofil-gso.de\/wp-content\/uploads\/2016\/11\/Jo-so01-624x624.jpg 624w, http:\/\/www.kunstprofil-gso.de\/wp-content\/uploads\/2016\/11\/Jo-so01.jpg 1500w\" sizes=\"auto, (max-width: 180px) 100vw, 180px\" \/><\/a> <a href=\"http:\/\/www.kunstprofil-gso.de\/wp-content\/uploads\/2016\/11\/Jo-so02.jpg\" rel=\"wpdevart_lightbox\"><img loading=\"lazy\" decoding=\"async\" class=\"alignleft size-thumbnail wp-image-4618\" src=\"http:\/\/www.kunstprofil-gso.de\/wp-content\/uploads\/2016\/11\/Jo-so02-180x180.jpg\" alt=\"jo-so02\" width=\"180\" height=\"180\" srcset=\"http:\/\/www.kunstprofil-gso.de\/wp-content\/uploads\/2016\/11\/Jo-so02-180x180.jpg 180w, http:\/\/www.kunstprofil-gso.de\/wp-content\/uploads\/2016\/11\/Jo-so02-200x200.jpg 200w, http:\/\/www.kunstprofil-gso.de\/wp-content\/uploads\/2016\/11\/Jo-so02-768x768.jpg 768w, http:\/\/www.kunstprofil-gso.de\/wp-content\/uploads\/2016\/11\/Jo-so02-624x624.jpg 624w, http:\/\/www.kunstprofil-gso.de\/wp-content\/uploads\/2016\/11\/Jo-so02.jpg 1500w\" sizes=\"auto, (max-width: 180px) 100vw, 180px\" \/><\/a> <a href=\"http:\/\/www.kunstprofil-gso.de\/wp-content\/uploads\/2016\/11\/Jo-so03.jpg\" rel=\"wpdevart_lightbox\"><img loading=\"lazy\" decoding=\"async\" class=\"alignleft size-thumbnail wp-image-4619\" src=\"http:\/\/www.kunstprofil-gso.de\/wp-content\/uploads\/2016\/11\/Jo-so03-180x180.jpg\" alt=\"jo-so03\" width=\"180\" height=\"180\" srcset=\"http:\/\/www.kunstprofil-gso.de\/wp-content\/uploads\/2016\/11\/Jo-so03-180x180.jpg 180w, http:\/\/www.kunstprofil-gso.de\/wp-content\/uploads\/2016\/11\/Jo-so03-200x200.jpg 200w, http:\/\/www.kunstprofil-gso.de\/wp-content\/uploads\/2016\/11\/Jo-so03-768x768.jpg 768w, http:\/\/www.kunstprofil-gso.de\/wp-content\/uploads\/2016\/11\/Jo-so03-624x624.jpg 624w, http:\/\/www.kunstprofil-gso.de\/wp-content\/uploads\/2016\/11\/Jo-so03.jpg 1500w\" sizes=\"auto, (max-width: 180px) 100vw, 180px\" \/><\/a> <a href=\"http:\/\/www.kunstprofil-gso.de\/wp-content\/uploads\/2016\/11\/Jo-so05.jpg\" rel=\"wpdevart_lightbox\"><img loading=\"lazy\" decoding=\"async\" class=\"alignleft size-thumbnail wp-image-4621\" src=\"http:\/\/www.kunstprofil-gso.de\/wp-content\/uploads\/2016\/11\/Jo-so05-180x180.jpg\" alt=\"jo-so05\" width=\"180\" height=\"180\" srcset=\"http:\/\/www.kunstprofil-gso.de\/wp-content\/uploads\/2016\/11\/Jo-so05-180x180.jpg 180w, http:\/\/www.kunstprofil-gso.de\/wp-content\/uploads\/2016\/11\/Jo-so05-200x200.jpg 200w, http:\/\/www.kunstprofil-gso.de\/wp-content\/uploads\/2016\/11\/Jo-so05-768x768.jpg 768w, http:\/\/www.kunstprofil-gso.de\/wp-content\/uploads\/2016\/11\/Jo-so05-624x624.jpg 624w, http:\/\/www.kunstprofil-gso.de\/wp-content\/uploads\/2016\/11\/Jo-so05.jpg 1500w\" sizes=\"auto, (max-width: 180px) 100vw, 180px\" \/><\/a> <a href=\"http:\/\/www.kunstprofil-gso.de\/wp-content\/uploads\/2016\/11\/Jo-so06.jpg\" rel=\"wpdevart_lightbox\"><img loading=\"lazy\" decoding=\"async\" class=\"alignleft size-thumbnail wp-image-4622\" src=\"http:\/\/www.kunstprofil-gso.de\/wp-content\/uploads\/2016\/11\/Jo-so06-180x180.jpg\" alt=\"jo-so06\" width=\"180\" height=\"180\" srcset=\"http:\/\/www.kunstprofil-gso.de\/wp-content\/uploads\/2016\/11\/Jo-so06-180x180.jpg 180w, http:\/\/www.kunstprofil-gso.de\/wp-content\/uploads\/2016\/11\/Jo-so06-200x200.jpg 200w, http:\/\/www.kunstprofil-gso.de\/wp-content\/uploads\/2016\/11\/Jo-so06-768x768.jpg 768w, http:\/\/www.kunstprofil-gso.de\/wp-content\/uploads\/2016\/11\/Jo-so06-624x624.jpg 624w, http:\/\/www.kunstprofil-gso.de\/wp-content\/uploads\/2016\/11\/Jo-so06.jpg 1500w\" sizes=\"auto, (max-width: 180px) 100vw, 180px\" \/><\/a> <a href=\"http:\/\/www.kunstprofil-gso.de\/wp-content\/uploads\/2016\/11\/Jo-so07.jpg\" rel=\"wpdevart_lightbox\"><img loading=\"lazy\" decoding=\"async\" class=\"alignleft size-thumbnail wp-image-4623\" src=\"http:\/\/www.kunstprofil-gso.de\/wp-content\/uploads\/2016\/11\/Jo-so07-180x180.jpg\" alt=\"jo-so07\" width=\"180\" height=\"180\" srcset=\"http:\/\/www.kunstprofil-gso.de\/wp-content\/uploads\/2016\/11\/Jo-so07-180x180.jpg 180w, http:\/\/www.kunstprofil-gso.de\/wp-content\/uploads\/2016\/11\/Jo-so07-200x200.jpg 200w, http:\/\/www.kunstprofil-gso.de\/wp-content\/uploads\/2016\/11\/Jo-so07-768x768.jpg 768w, http:\/\/www.kunstprofil-gso.de\/wp-content\/uploads\/2016\/11\/Jo-so07-624x624.jpg 624w, http:\/\/www.kunstprofil-gso.de\/wp-content\/uploads\/2016\/11\/Jo-so07.jpg 1500w\" sizes=\"auto, (max-width: 180px) 100vw, 180px\" \/><\/a> <a href=\"http:\/\/www.kunstprofil-gso.de\/wp-content\/uploads\/2016\/11\/Jo-so08.jpg\" rel=\"wpdevart_lightbox\"><img loading=\"lazy\" decoding=\"async\" class=\"alignleft size-thumbnail wp-image-4624\" src=\"http:\/\/www.kunstprofil-gso.de\/wp-content\/uploads\/2016\/11\/Jo-so08-180x180.jpg\" alt=\"jo-so08\" width=\"180\" height=\"180\" srcset=\"http:\/\/www.kunstprofil-gso.de\/wp-content\/uploads\/2016\/11\/Jo-so08-180x180.jpg 180w, http:\/\/www.kunstprofil-gso.de\/wp-content\/uploads\/2016\/11\/Jo-so08-200x200.jpg 200w, http:\/\/www.kunstprofil-gso.de\/wp-content\/uploads\/2016\/11\/Jo-so08-768x768.jpg 768w, http:\/\/www.kunstprofil-gso.de\/wp-content\/uploads\/2016\/11\/Jo-so08-624x624.jpg 624w, http:\/\/www.kunstprofil-gso.de\/wp-content\/uploads\/2016\/11\/Jo-so08.jpg 1500w\" sizes=\"auto, (max-width: 180px) 100vw, 180px\" \/><\/a> <a href=\"http:\/\/www.kunstprofil-gso.de\/wp-content\/uploads\/2016\/11\/Jo-so09.jpg\" rel=\"wpdevart_lightbox\"><img loading=\"lazy\" decoding=\"async\" class=\"alignleft size-thumbnail wp-image-4625\" src=\"http:\/\/www.kunstprofil-gso.de\/wp-content\/uploads\/2016\/11\/Jo-so09-180x180.jpg\" alt=\"jo-so09\" width=\"180\" height=\"180\" srcset=\"http:\/\/www.kunstprofil-gso.de\/wp-content\/uploads\/2016\/11\/Jo-so09-180x180.jpg 180w, http:\/\/www.kunstprofil-gso.de\/wp-content\/uploads\/2016\/11\/Jo-so09-200x200.jpg 200w, http:\/\/www.kunstprofil-gso.de\/wp-content\/uploads\/2016\/11\/Jo-so09-768x768.jpg 768w, http:\/\/www.kunstprofil-gso.de\/wp-content\/uploads\/2016\/11\/Jo-so09-624x624.jpg 624w, http:\/\/www.kunstprofil-gso.de\/wp-content\/uploads\/2016\/11\/Jo-so09.jpg 1500w\" sizes=\"auto, (max-width: 180px) 100vw, 180px\" \/><\/a><\/p>\n","protected":false},"excerpt":{"rendered":"<p>#Wasser #Water #nass #fl\u00fcssig #fest #gasf\u00f6rmig #durchsichtig #farblos #geruchslos #chemische Verbindung #Sauerstoff #Wasserstoff #H2O #O #Fl\u00fcssiger Aggregatzustand #Eis #Wasserdampf -&gt; Wasser ist die einzige Verbinung auf der Erde, die in der Natur als Fl\u00fcssigkeit,\u00a0 als Festk\u00f6rper und als Gas vorkommt -&gt; Wasser ist die Grundlage des\u00a0 Lebens auf der Erde (Fotos: Johanna und Sonja)<\/p>\n","protected":false},"author":1,"featured_media":4620,"comment_status":"open","ping_status":"open","sticky":false,"template":"","format":"standard","meta":{"footnotes":""},"categories":[39,24,47],"tags":[],"class_list":["post-4615","post","type-post","status-publish","format-standard","has-post-thumbnail","hentry","category-13-jg","category-oberstufe","category-wasserprojekt"],"_links":{"self":[{"href":"http:\/\/www.kunstprofil-gso.de\/index.php?rest_route=\/wp\/v2\/posts\/4615","targetHints":{"allow":["GET"]}}],"collection":[{"href":"http:\/\/www.kunstprofil-gso.de\/index.php?rest_route=\/wp\/v2\/posts"}],"about":[{"href":"http:\/\/www.kunstprofil-gso.de\/index.php?rest_route=\/wp\/v2\/types\/post"}],"author":[{"embeddable":true,"href":"http:\/\/www.kunstprofil-gso.de\/index.php?rest_route=\/wp\/v2\/users\/1"}],"replies":[{"embeddable":true,"href":"http:\/\/www.kunstprofil-gso.de\/index.php?rest_route=%2Fwp%2Fv2%2Fcomments&post=4615"}],"version-history":[{"count":1,"href":"http:\/\/www.kunstprofil-gso.de\/index.php?rest_route=\/wp\/v2\/posts\/4615\/revisions"}],"predecessor-version":[{"id":4626,"href":"http:\/\/www.kunstprofil-gso.de\/index.php?rest_route=\/wp\/v2\/posts\/4615\/revisions\/4626"}],"wp:featuredmedia":[{"embeddable":true,"href":"http:\/\/www.kunstprofil-gso.de\/index.php?rest_route=\/wp\/v2\/media\/4620"}],"wp:attachment":[{"href":"http:\/\/www.kunstprofil-gso.de\/index.php?rest_route=%2Fwp%2Fv2%2Fmedia&parent=4615"}],"wp:term":[{"taxonomy":"category","embeddable":true,"href":"http:\/\/www.kunstprofil-gso.de\/index.php?rest_route=%2Fwp%2Fv2%2Fcategories&post=4615"},{"taxonomy":"post_tag","embeddable":true,"href":"http:\/\/www.kunstprofil-gso.de\/index.php?rest_route=%2Fwp%2Fv2%2Ftags&post=4615"}],"curies":[{"name":"wp","href":"https:\/\/api.w.org\/{rel}","templated":true}]}}