{"id":4140,"date":"2016-04-20T14:52:46","date_gmt":"2016-04-20T12:52:46","guid":{"rendered":"http:\/\/www.kunstprofil-gso.de\/?p=4140"},"modified":"2016-05-22T15:32:40","modified_gmt":"2016-05-22T13:32:40","slug":"promenade","status":"publish","type":"post","link":"http:\/\/www.kunstprofil-gso.de\/?p=4140","title":{"rendered":"Promenade"},"content":{"rendered":"<p>1878 schrieb Modest\u00a0<span style=\"color: #000080;\"><a style=\"color: #000080;\" href=\"https:\/\/de.wikipedia.org\/wiki\/Modest_Petrowitsch_Mussorgski\">Mussorgsky<\/a><\/span> eine &#8222;Sinfonische Dichtung&#8220; &#8211; Bilder einer Ausstellung. Die Musik stellt den Besuch einer Kunstausstellung dar, beschreibt die verschiedenen Bilder und den Gang des Betrachters von einem Bild zum n\u00e4chsten. Dazu gibt es das Thema &#8222;Promenade&#8220;, das ein paar mal wiederholt wird.\u00a0Auf Vorschlag der Musiklehrerin \u00a0Frau Howie, soll demn\u00e4chst der Vorgang umgedreht werden. Die Musikklasse 10.1 wird drei St\u00fccke spielen und dazu entwickeln drei Sch\u00fclerinnen jeweils einen Film, der auf eine grosse Leinwand w\u00e4hrend der Auff\u00fchrung projiziert wird. Hier ist ein (noch) experimentelles Beispiel, das passenderweise vor der Ausstellung mit den Giacometti-Figuren gedreht wurde. So k\u00f6nnte es aussehen &#8211; und zwar am Freitag, den 3. Juni um 18.00 Uhr in der GSO<\/p>\n<p>Film: Lara, Lea, Viktoria, GK KUN 12.Jg<\/p>\n<div style=\"width: 625px;\" class=\"wp-video\"><video class=\"wp-video-shortcode\" id=\"video-4140-1\" width=\"625\" height=\"352\" preload=\"metadata\" controls=\"controls\"><source type=\"video\/mp4\" src=\"http:\/\/www.kunstprofil-gso.de\/wp-content\/uploads\/2016\/04\/Promenade-1.m4v?_=1\" \/><a href=\"http:\/\/www.kunstprofil-gso.de\/wp-content\/uploads\/2016\/04\/Promenade-1.m4v\">http:\/\/www.kunstprofil-gso.de\/wp-content\/uploads\/2016\/04\/Promenade-1.m4v<\/a><\/video><\/div>\n<p>&nbsp;<\/p>\n","protected":false},"excerpt":{"rendered":"<p>1878 schrieb Modest\u00a0Mussorgsky eine &#8222;Sinfonische Dichtung&#8220; &#8211; Bilder einer Ausstellung. Die Musik stellt den Besuch einer Kunstausstellung dar, beschreibt die verschiedenen Bilder und den Gang des Betrachters von einem Bild zum n\u00e4chsten. Dazu gibt es das Thema &#8222;Promenade&#8220;, das ein paar mal wiederholt wird.\u00a0Auf Vorschlag der Musiklehrerin \u00a0Frau Howie, soll demn\u00e4chst der Vorgang umgedreht werden. [&hellip;]<\/p>\n","protected":false},"author":1,"featured_media":4141,"comment_status":"open","ping_status":"open","sticky":false,"template":"","format":"standard","meta":{"footnotes":""},"categories":[28,45,13],"tags":[],"class_list":["post-4140","post","type-post","status-publish","format-standard","has-post-thumbnail","hentry","category-12-jg","category-vernissage","category-video"],"_links":{"self":[{"href":"http:\/\/www.kunstprofil-gso.de\/index.php?rest_route=\/wp\/v2\/posts\/4140","targetHints":{"allow":["GET"]}}],"collection":[{"href":"http:\/\/www.kunstprofil-gso.de\/index.php?rest_route=\/wp\/v2\/posts"}],"about":[{"href":"http:\/\/www.kunstprofil-gso.de\/index.php?rest_route=\/wp\/v2\/types\/post"}],"author":[{"embeddable":true,"href":"http:\/\/www.kunstprofil-gso.de\/index.php?rest_route=\/wp\/v2\/users\/1"}],"replies":[{"embeddable":true,"href":"http:\/\/www.kunstprofil-gso.de\/index.php?rest_route=%2Fwp%2Fv2%2Fcomments&post=4140"}],"version-history":[{"count":2,"href":"http:\/\/www.kunstprofil-gso.de\/index.php?rest_route=\/wp\/v2\/posts\/4140\/revisions"}],"predecessor-version":[{"id":4143,"href":"http:\/\/www.kunstprofil-gso.de\/index.php?rest_route=\/wp\/v2\/posts\/4140\/revisions\/4143"}],"wp:featuredmedia":[{"embeddable":true,"href":"http:\/\/www.kunstprofil-gso.de\/index.php?rest_route=\/wp\/v2\/media\/4141"}],"wp:attachment":[{"href":"http:\/\/www.kunstprofil-gso.de\/index.php?rest_route=%2Fwp%2Fv2%2Fmedia&parent=4140"}],"wp:term":[{"taxonomy":"category","embeddable":true,"href":"http:\/\/www.kunstprofil-gso.de\/index.php?rest_route=%2Fwp%2Fv2%2Fcategories&post=4140"},{"taxonomy":"post_tag","embeddable":true,"href":"http:\/\/www.kunstprofil-gso.de\/index.php?rest_route=%2Fwp%2Fv2%2Ftags&post=4140"}],"curies":[{"name":"wp","href":"https:\/\/api.w.org\/{rel}","templated":true}]}}