{"id":4123,"date":"2016-04-11T15:43:03","date_gmt":"2016-04-11T13:43:03","guid":{"rendered":"http:\/\/www.kunstprofil-gso.de\/?p=4123"},"modified":"2016-04-11T15:43:44","modified_gmt":"2016-04-11T13:43:44","slug":"mit-bewegung-zu-arbeiten","status":"publish","type":"post","link":"http:\/\/www.kunstprofil-gso.de\/?p=4123","title":{"rendered":"&#8230;  mit Bewegung zu arbeiten."},"content":{"rendered":"<p>Im Laufe der Projektarbeit zum Thema Fotos von Treppen, habe ich mit Lara und Kira zusammen gearbeitet. Erstmal waren wir unsicher, wie man aus Treppen etwas\u00a0interessantes machen sollte, aber sobald wir angefangen hatten kamen die Ideen wie von selbst. Gr\u00f6\u00dftenteils versuchten wir mit Bewegung zu arbeiten. Also zum Beispiel mit einzelnen Gegenst\u00e4nden, die\u00a0sich bewegten, zb dem Regenschirm, oder wir bewegten einfach die Kamera w\u00e4hrend der Fotoaufnahme.\u00a0Dann kamen immer mehr Ideen dazu, wie etwa T\u00fccher vor die Kamera zu halten, oder zus\u00e4tzliches Licht einfallen zu lassen. (\u00a0&#8230;. )\u00a0Insgesamt sind am Ende sehr viel sch\u00f6nere Dinge dabei rausgekommen, als ich zu Anfang gedacht h\u00e4tte. Besonders bei den verfremdeten Treppen und bei der Installation sind voll coole Ideen entsprungen, mit denen anfangs keiner von uns gerechnet hatte und wir waren selbst ein bisschen \u00fcberrascht, was man aus einfachen Dingen rausholen kann, wenn man sich nur etwas mit ihnen besch\u00e4ftigt. Aber das war eigentlich auch schon bei jedem anderem Thema im Kunstunterricht so.<\/p>\n<p>Aylar, Lara, Kira<\/p>\n<p><a href=\"http:\/\/www.kunstprofil-gso.de\/wp-content\/uploads\/2016\/04\/IMG_0024.jpg\"  rel=\"wpdevart_lightbox attachment wp-att-4124\" ><img loading=\"lazy\" decoding=\"async\" class=\"alignleft size-thumbnail wp-image-4124\" src=\"http:\/\/www.kunstprofil-gso.de\/wp-content\/uploads\/2016\/04\/IMG_0024-180x180.jpg\" alt=\"IMG_0024\" width=\"180\" height=\"180\" srcset=\"http:\/\/www.kunstprofil-gso.de\/wp-content\/uploads\/2016\/04\/IMG_0024-180x180.jpg 180w, http:\/\/www.kunstprofil-gso.de\/wp-content\/uploads\/2016\/04\/IMG_0024-200x200.jpg 200w, http:\/\/www.kunstprofil-gso.de\/wp-content\/uploads\/2016\/04\/IMG_0024-768x768.jpg 768w, http:\/\/www.kunstprofil-gso.de\/wp-content\/uploads\/2016\/04\/IMG_0024-624x624.jpg 624w, http:\/\/www.kunstprofil-gso.de\/wp-content\/uploads\/2016\/04\/IMG_0024.jpg 1500w\" sizes=\"auto, (max-width: 180px) 100vw, 180px\" \/><\/a> <a href=\"http:\/\/www.kunstprofil-gso.de\/wp-content\/uploads\/2016\/04\/IMG_0027.jpg\"  rel=\"wpdevart_lightbox attachment wp-att-4125\" ><img loading=\"lazy\" decoding=\"async\" class=\"alignleft size-thumbnail wp-image-4125\" src=\"http:\/\/www.kunstprofil-gso.de\/wp-content\/uploads\/2016\/04\/IMG_0027-180x180.jpg\" alt=\"IMG_0027\" width=\"180\" height=\"180\" srcset=\"http:\/\/www.kunstprofil-gso.de\/wp-content\/uploads\/2016\/04\/IMG_0027-180x180.jpg 180w, http:\/\/www.kunstprofil-gso.de\/wp-content\/uploads\/2016\/04\/IMG_0027-200x200.jpg 200w, http:\/\/www.kunstprofil-gso.de\/wp-content\/uploads\/2016\/04\/IMG_0027-768x768.jpg 768w, http:\/\/www.kunstprofil-gso.de\/wp-content\/uploads\/2016\/04\/IMG_0027-624x624.jpg 624w, http:\/\/www.kunstprofil-gso.de\/wp-content\/uploads\/2016\/04\/IMG_0027.jpg 1500w\" sizes=\"auto, (max-width: 180px) 100vw, 180px\" \/><\/a> <a href=\"http:\/\/www.kunstprofil-gso.de\/wp-content\/uploads\/2016\/04\/IMG_0030.jpg\"  rel=\"wpdevart_lightbox attachment wp-att-4126\" ><img loading=\"lazy\" decoding=\"async\" class=\"alignleft size-thumbnail wp-image-4126\" src=\"http:\/\/www.kunstprofil-gso.de\/wp-content\/uploads\/2016\/04\/IMG_0030-180x180.jpg\" alt=\"IMG_0030\" width=\"180\" height=\"180\" srcset=\"http:\/\/www.kunstprofil-gso.de\/wp-content\/uploads\/2016\/04\/IMG_0030-180x180.jpg 180w, http:\/\/www.kunstprofil-gso.de\/wp-content\/uploads\/2016\/04\/IMG_0030-200x200.jpg 200w, http:\/\/www.kunstprofil-gso.de\/wp-content\/uploads\/2016\/04\/IMG_0030-768x768.jpg 768w, http:\/\/www.kunstprofil-gso.de\/wp-content\/uploads\/2016\/04\/IMG_0030-624x624.jpg 624w, http:\/\/www.kunstprofil-gso.de\/wp-content\/uploads\/2016\/04\/IMG_0030.jpg 1500w\" sizes=\"auto, (max-width: 180px) 100vw, 180px\" \/><\/a> <a href=\"http:\/\/www.kunstprofil-gso.de\/wp-content\/uploads\/2016\/04\/IMG_4604.jpg\"  rel=\"wpdevart_lightbox attachment wp-att-4127\" ><img loading=\"lazy\" decoding=\"async\" class=\"alignleft size-thumbnail wp-image-4127\" src=\"http:\/\/www.kunstprofil-gso.de\/wp-content\/uploads\/2016\/04\/IMG_4604-180x180.jpg\" alt=\"IMG_4604\" width=\"180\" height=\"180\" srcset=\"http:\/\/www.kunstprofil-gso.de\/wp-content\/uploads\/2016\/04\/IMG_4604-180x180.jpg 180w, http:\/\/www.kunstprofil-gso.de\/wp-content\/uploads\/2016\/04\/IMG_4604-200x200.jpg 200w, http:\/\/www.kunstprofil-gso.de\/wp-content\/uploads\/2016\/04\/IMG_4604-768x768.jpg 768w, http:\/\/www.kunstprofil-gso.de\/wp-content\/uploads\/2016\/04\/IMG_4604-624x624.jpg 624w, http:\/\/www.kunstprofil-gso.de\/wp-content\/uploads\/2016\/04\/IMG_4604.jpg 1500w\" sizes=\"auto, (max-width: 180px) 100vw, 180px\" \/><\/a> <a href=\"http:\/\/www.kunstprofil-gso.de\/wp-content\/uploads\/2016\/04\/IMG_4623.jpg\"  rel=\"wpdevart_lightbox attachment wp-att-4128\" ><img loading=\"lazy\" decoding=\"async\" class=\"alignleft size-thumbnail wp-image-4128\" src=\"http:\/\/www.kunstprofil-gso.de\/wp-content\/uploads\/2016\/04\/IMG_4623-180x180.jpg\" alt=\"IMG_4623\" width=\"180\" height=\"180\" srcset=\"http:\/\/www.kunstprofil-gso.de\/wp-content\/uploads\/2016\/04\/IMG_4623-180x180.jpg 180w, http:\/\/www.kunstprofil-gso.de\/wp-content\/uploads\/2016\/04\/IMG_4623-200x200.jpg 200w, http:\/\/www.kunstprofil-gso.de\/wp-content\/uploads\/2016\/04\/IMG_4623-768x768.jpg 768w, http:\/\/www.kunstprofil-gso.de\/wp-content\/uploads\/2016\/04\/IMG_4623-624x624.jpg 624w, http:\/\/www.kunstprofil-gso.de\/wp-content\/uploads\/2016\/04\/IMG_4623.jpg 1500w\" sizes=\"auto, (max-width: 180px) 100vw, 180px\" \/><\/a> <a href=\"http:\/\/www.kunstprofil-gso.de\/wp-content\/uploads\/2016\/04\/IMG_7248.jpg\"  rel=\"wpdevart_lightbox attachment wp-att-4129\" ><img loading=\"lazy\" decoding=\"async\" class=\"alignleft size-thumbnail wp-image-4129\" src=\"http:\/\/www.kunstprofil-gso.de\/wp-content\/uploads\/2016\/04\/IMG_7248-180x180.jpg\" alt=\"IMG_7248\" width=\"180\" height=\"180\" srcset=\"http:\/\/www.kunstprofil-gso.de\/wp-content\/uploads\/2016\/04\/IMG_7248-180x180.jpg 180w, http:\/\/www.kunstprofil-gso.de\/wp-content\/uploads\/2016\/04\/IMG_7248-200x200.jpg 200w, http:\/\/www.kunstprofil-gso.de\/wp-content\/uploads\/2016\/04\/IMG_7248-768x768.jpg 768w, http:\/\/www.kunstprofil-gso.de\/wp-content\/uploads\/2016\/04\/IMG_7248-624x624.jpg 624w, http:\/\/www.kunstprofil-gso.de\/wp-content\/uploads\/2016\/04\/IMG_7248.jpg 1500w\" sizes=\"auto, (max-width: 180px) 100vw, 180px\" \/><\/a> <a href=\"http:\/\/www.kunstprofil-gso.de\/wp-content\/uploads\/2016\/04\/IMG_8422.jpg\"  rel=\"wpdevart_lightbox attachment wp-att-4130\" ><img loading=\"lazy\" decoding=\"async\" class=\"alignleft size-thumbnail wp-image-4130\" src=\"http:\/\/www.kunstprofil-gso.de\/wp-content\/uploads\/2016\/04\/IMG_8422-180x180.jpg\" alt=\"IMG_8422\" width=\"180\" height=\"180\" srcset=\"http:\/\/www.kunstprofil-gso.de\/wp-content\/uploads\/2016\/04\/IMG_8422-180x180.jpg 180w, http:\/\/www.kunstprofil-gso.de\/wp-content\/uploads\/2016\/04\/IMG_8422-200x200.jpg 200w, http:\/\/www.kunstprofil-gso.de\/wp-content\/uploads\/2016\/04\/IMG_8422-768x768.jpg 768w, http:\/\/www.kunstprofil-gso.de\/wp-content\/uploads\/2016\/04\/IMG_8422-624x624.jpg 624w, http:\/\/www.kunstprofil-gso.de\/wp-content\/uploads\/2016\/04\/IMG_8422.jpg 1500w\" sizes=\"auto, (max-width: 180px) 100vw, 180px\" \/><\/a> <a href=\"http:\/\/www.kunstprofil-gso.de\/wp-content\/uploads\/2016\/04\/RIMG7009.jpg\"  rel=\"wpdevart_lightbox attachment wp-att-4132\" ><img loading=\"lazy\" decoding=\"async\" class=\"alignleft size-thumbnail wp-image-4132\" src=\"http:\/\/www.kunstprofil-gso.de\/wp-content\/uploads\/2016\/04\/RIMG7009-180x180.jpg\" alt=\"RIMG7009\" width=\"180\" height=\"180\" srcset=\"http:\/\/www.kunstprofil-gso.de\/wp-content\/uploads\/2016\/04\/RIMG7009-180x180.jpg 180w, http:\/\/www.kunstprofil-gso.de\/wp-content\/uploads\/2016\/04\/RIMG7009-200x200.jpg 200w, http:\/\/www.kunstprofil-gso.de\/wp-content\/uploads\/2016\/04\/RIMG7009-768x768.jpg 768w, http:\/\/www.kunstprofil-gso.de\/wp-content\/uploads\/2016\/04\/RIMG7009-624x624.jpg 624w, http:\/\/www.kunstprofil-gso.de\/wp-content\/uploads\/2016\/04\/RIMG7009.jpg 1500w\" sizes=\"auto, (max-width: 180px) 100vw, 180px\" \/><\/a> <a href=\"http:\/\/www.kunstprofil-gso.de\/wp-content\/uploads\/2016\/04\/RIMG7046.jpg\"  rel=\"wpdevart_lightbox attachment wp-att-4133\" ><img loading=\"lazy\" decoding=\"async\" class=\"alignleft size-thumbnail wp-image-4133\" src=\"http:\/\/www.kunstprofil-gso.de\/wp-content\/uploads\/2016\/04\/RIMG7046-180x180.jpg\" alt=\"RIMG7046\" width=\"180\" height=\"180\" srcset=\"http:\/\/www.kunstprofil-gso.de\/wp-content\/uploads\/2016\/04\/RIMG7046-180x180.jpg 180w, http:\/\/www.kunstprofil-gso.de\/wp-content\/uploads\/2016\/04\/RIMG7046-200x200.jpg 200w, http:\/\/www.kunstprofil-gso.de\/wp-content\/uploads\/2016\/04\/RIMG7046-768x768.jpg 768w, http:\/\/www.kunstprofil-gso.de\/wp-content\/uploads\/2016\/04\/RIMG7046-624x624.jpg 624w, http:\/\/www.kunstprofil-gso.de\/wp-content\/uploads\/2016\/04\/RIMG7046.jpg 1500w\" sizes=\"auto, (max-width: 180px) 100vw, 180px\" \/><\/a><\/p>\n","protected":false},"excerpt":{"rendered":"<p>Im Laufe der Projektarbeit zum Thema Fotos von Treppen, habe ich mit Lara und Kira zusammen gearbeitet. Erstmal waren wir unsicher, wie man aus Treppen etwas\u00a0interessantes machen sollte, aber sobald wir angefangen hatten kamen die Ideen wie von selbst. Gr\u00f6\u00dftenteils versuchten wir mit Bewegung zu arbeiten. Also zum Beispiel mit einzelnen Gegenst\u00e4nden, die\u00a0sich bewegten, zb [&hellip;]<\/p>\n","protected":false},"author":1,"featured_media":4131,"comment_status":"open","ping_status":"open","sticky":false,"template":"","format":"standard","meta":{"footnotes":""},"categories":[39,42],"tags":[],"class_list":["post-4123","post","type-post","status-publish","format-standard","has-post-thumbnail","hentry","category-13-jg","category-treppen"],"_links":{"self":[{"href":"http:\/\/www.kunstprofil-gso.de\/index.php?rest_route=\/wp\/v2\/posts\/4123","targetHints":{"allow":["GET"]}}],"collection":[{"href":"http:\/\/www.kunstprofil-gso.de\/index.php?rest_route=\/wp\/v2\/posts"}],"about":[{"href":"http:\/\/www.kunstprofil-gso.de\/index.php?rest_route=\/wp\/v2\/types\/post"}],"author":[{"embeddable":true,"href":"http:\/\/www.kunstprofil-gso.de\/index.php?rest_route=\/wp\/v2\/users\/1"}],"replies":[{"embeddable":true,"href":"http:\/\/www.kunstprofil-gso.de\/index.php?rest_route=%2Fwp%2Fv2%2Fcomments&post=4123"}],"version-history":[{"count":3,"href":"http:\/\/www.kunstprofil-gso.de\/index.php?rest_route=\/wp\/v2\/posts\/4123\/revisions"}],"predecessor-version":[{"id":4136,"href":"http:\/\/www.kunstprofil-gso.de\/index.php?rest_route=\/wp\/v2\/posts\/4123\/revisions\/4136"}],"wp:featuredmedia":[{"embeddable":true,"href":"http:\/\/www.kunstprofil-gso.de\/index.php?rest_route=\/wp\/v2\/media\/4131"}],"wp:attachment":[{"href":"http:\/\/www.kunstprofil-gso.de\/index.php?rest_route=%2Fwp%2Fv2%2Fmedia&parent=4123"}],"wp:term":[{"taxonomy":"category","embeddable":true,"href":"http:\/\/www.kunstprofil-gso.de\/index.php?rest_route=%2Fwp%2Fv2%2Fcategories&post=4123"},{"taxonomy":"post_tag","embeddable":true,"href":"http:\/\/www.kunstprofil-gso.de\/index.php?rest_route=%2Fwp%2Fv2%2Ftags&post=4123"}],"curies":[{"name":"wp","href":"https:\/\/api.w.org\/{rel}","templated":true}]}}