{"id":4104,"date":"2016-03-24T17:02:51","date_gmt":"2016-03-24T16:02:51","guid":{"rendered":"http:\/\/www.kunstprofil-gso.de\/?p=4104"},"modified":"2016-03-24T17:02:51","modified_gmt":"2016-03-24T16:02:51","slug":"die-schoenste-treppe-bremens","status":"publish","type":"post","link":"http:\/\/www.kunstprofil-gso.de\/?p=4104","title":{"rendered":"&#8230; die sch\u00f6nste Treppe Bremens!"},"content":{"rendered":"<p>Kira hat sich noch einmal auf den Weg gemacht und die Art-Deco-Treppe im Haus des Reiches fotografiert. Dass\u00a0dort heute das <span style=\"color: #000080;\"><a style=\"color: #000080;\" href=\"http:\/\/www.n-tv.de\/reise\/Haus-des-Reichs-erlaubt-Einblick-article5191866.html\">Finanzamt<\/a><\/span> ist, \u00e4ndert nun mal nichts an der Sch\u00f6nheit des Geb\u00e4udes &#8211; vor allem im Inneren.<\/p>\n<p><a href=\"http:\/\/www.kunstprofil-gso.de\/wp-content\/uploads\/2016\/03\/hdr1.jpg\"  rel=\"wpdevart_lightbox attachment wp-att-4105\" ><img loading=\"lazy\" decoding=\"async\" class=\"alignleft size-thumbnail wp-image-4105\" src=\"http:\/\/www.kunstprofil-gso.de\/wp-content\/uploads\/2016\/03\/hdr1-180x180.jpg\" alt=\"hdr1\" width=\"180\" height=\"180\" srcset=\"http:\/\/www.kunstprofil-gso.de\/wp-content\/uploads\/2016\/03\/hdr1-180x180.jpg 180w, http:\/\/www.kunstprofil-gso.de\/wp-content\/uploads\/2016\/03\/hdr1-200x200.jpg 200w, http:\/\/www.kunstprofil-gso.de\/wp-content\/uploads\/2016\/03\/hdr1-768x768.jpg 768w, http:\/\/www.kunstprofil-gso.de\/wp-content\/uploads\/2016\/03\/hdr1-624x624.jpg 624w, http:\/\/www.kunstprofil-gso.de\/wp-content\/uploads\/2016\/03\/hdr1.jpg 1500w\" sizes=\"auto, (max-width: 180px) 100vw, 180px\" \/><\/a> <a href=\"http:\/\/www.kunstprofil-gso.de\/wp-content\/uploads\/2016\/03\/hdr2.jpg\"  rel=\"wpdevart_lightbox attachment wp-att-4106\" ><img loading=\"lazy\" decoding=\"async\" class=\"alignleft size-thumbnail wp-image-4106\" src=\"http:\/\/www.kunstprofil-gso.de\/wp-content\/uploads\/2016\/03\/hdr2-180x180.jpg\" alt=\"hdr2\" width=\"180\" height=\"180\" srcset=\"http:\/\/www.kunstprofil-gso.de\/wp-content\/uploads\/2016\/03\/hdr2-180x180.jpg 180w, http:\/\/www.kunstprofil-gso.de\/wp-content\/uploads\/2016\/03\/hdr2-200x200.jpg 200w, http:\/\/www.kunstprofil-gso.de\/wp-content\/uploads\/2016\/03\/hdr2-768x768.jpg 768w, http:\/\/www.kunstprofil-gso.de\/wp-content\/uploads\/2016\/03\/hdr2-624x624.jpg 624w, http:\/\/www.kunstprofil-gso.de\/wp-content\/uploads\/2016\/03\/hdr2.jpg 1500w\" sizes=\"auto, (max-width: 180px) 100vw, 180px\" \/><\/a> <a href=\"http:\/\/www.kunstprofil-gso.de\/wp-content\/uploads\/2016\/03\/hdr3.jpg\"  rel=\"wpdevart_lightbox attachment wp-att-4107\" ><img loading=\"lazy\" decoding=\"async\" class=\"alignleft size-thumbnail wp-image-4107\" src=\"http:\/\/www.kunstprofil-gso.de\/wp-content\/uploads\/2016\/03\/hdr3-180x180.jpg\" alt=\"hdr3\" width=\"180\" height=\"180\" srcset=\"http:\/\/www.kunstprofil-gso.de\/wp-content\/uploads\/2016\/03\/hdr3-180x180.jpg 180w, http:\/\/www.kunstprofil-gso.de\/wp-content\/uploads\/2016\/03\/hdr3-200x200.jpg 200w, http:\/\/www.kunstprofil-gso.de\/wp-content\/uploads\/2016\/03\/hdr3-768x768.jpg 768w, http:\/\/www.kunstprofil-gso.de\/wp-content\/uploads\/2016\/03\/hdr3-624x624.jpg 624w, http:\/\/www.kunstprofil-gso.de\/wp-content\/uploads\/2016\/03\/hdr3.jpg 1500w\" sizes=\"auto, (max-width: 180px) 100vw, 180px\" \/><\/a> <a href=\"http:\/\/www.kunstprofil-gso.de\/wp-content\/uploads\/2016\/03\/hdr4.jpg\"  rel=\"wpdevart_lightbox attachment wp-att-4108\" ><img loading=\"lazy\" decoding=\"async\" class=\"alignleft size-thumbnail wp-image-4108\" src=\"http:\/\/www.kunstprofil-gso.de\/wp-content\/uploads\/2016\/03\/hdr4-180x180.jpg\" alt=\"hdr4\" width=\"180\" height=\"180\" srcset=\"http:\/\/www.kunstprofil-gso.de\/wp-content\/uploads\/2016\/03\/hdr4-180x180.jpg 180w, http:\/\/www.kunstprofil-gso.de\/wp-content\/uploads\/2016\/03\/hdr4-200x200.jpg 200w, http:\/\/www.kunstprofil-gso.de\/wp-content\/uploads\/2016\/03\/hdr4-768x768.jpg 768w, http:\/\/www.kunstprofil-gso.de\/wp-content\/uploads\/2016\/03\/hdr4-624x624.jpg 624w, http:\/\/www.kunstprofil-gso.de\/wp-content\/uploads\/2016\/03\/hdr4.jpg 1500w\" sizes=\"auto, (max-width: 180px) 100vw, 180px\" \/><\/a> <a href=\"http:\/\/www.kunstprofil-gso.de\/wp-content\/uploads\/2016\/03\/hdr5.jpg\"  rel=\"wpdevart_lightbox attachment wp-att-4109\" ><img loading=\"lazy\" decoding=\"async\" class=\"alignleft size-thumbnail wp-image-4109\" src=\"http:\/\/www.kunstprofil-gso.de\/wp-content\/uploads\/2016\/03\/hdr5-180x180.jpg\" alt=\"hdr5\" width=\"180\" height=\"180\" srcset=\"http:\/\/www.kunstprofil-gso.de\/wp-content\/uploads\/2016\/03\/hdr5-180x180.jpg 180w, http:\/\/www.kunstprofil-gso.de\/wp-content\/uploads\/2016\/03\/hdr5-200x200.jpg 200w, http:\/\/www.kunstprofil-gso.de\/wp-content\/uploads\/2016\/03\/hdr5-768x768.jpg 768w, http:\/\/www.kunstprofil-gso.de\/wp-content\/uploads\/2016\/03\/hdr5-624x624.jpg 624w, http:\/\/www.kunstprofil-gso.de\/wp-content\/uploads\/2016\/03\/hdr5.jpg 1500w\" sizes=\"auto, (max-width: 180px) 100vw, 180px\" \/><\/a> <a href=\"http:\/\/www.kunstprofil-gso.de\/wp-content\/uploads\/2016\/03\/hdr7.jpg\"  rel=\"wpdevart_lightbox attachment wp-att-4111\" ><img loading=\"lazy\" decoding=\"async\" class=\"alignleft size-thumbnail wp-image-4111\" src=\"http:\/\/www.kunstprofil-gso.de\/wp-content\/uploads\/2016\/03\/hdr7-180x180.jpg\" alt=\"hdr7\" width=\"180\" height=\"180\" srcset=\"http:\/\/www.kunstprofil-gso.de\/wp-content\/uploads\/2016\/03\/hdr7-180x180.jpg 180w, http:\/\/www.kunstprofil-gso.de\/wp-content\/uploads\/2016\/03\/hdr7-200x200.jpg 200w, http:\/\/www.kunstprofil-gso.de\/wp-content\/uploads\/2016\/03\/hdr7-768x768.jpg 768w, http:\/\/www.kunstprofil-gso.de\/wp-content\/uploads\/2016\/03\/hdr7-624x624.jpg 624w, http:\/\/www.kunstprofil-gso.de\/wp-content\/uploads\/2016\/03\/hdr7.jpg 1500w\" sizes=\"auto, (max-width: 180px) 100vw, 180px\" \/><\/a><\/p>\n","protected":false},"excerpt":{"rendered":"<p>Kira hat sich noch einmal auf den Weg gemacht und die Art-Deco-Treppe im Haus des Reiches fotografiert. Dass\u00a0dort heute das Finanzamt ist, \u00e4ndert nun mal nichts an der Sch\u00f6nheit des Geb\u00e4udes &#8211; vor allem im Inneren.<\/p>\n","protected":false},"author":1,"featured_media":4110,"comment_status":"open","ping_status":"open","sticky":false,"template":"","format":"standard","meta":{"footnotes":""},"categories":[39,24,42],"tags":[],"class_list":["post-4104","post","type-post","status-publish","format-standard","has-post-thumbnail","hentry","category-13-jg","category-oberstufe","category-treppen"],"_links":{"self":[{"href":"http:\/\/www.kunstprofil-gso.de\/index.php?rest_route=\/wp\/v2\/posts\/4104","targetHints":{"allow":["GET"]}}],"collection":[{"href":"http:\/\/www.kunstprofil-gso.de\/index.php?rest_route=\/wp\/v2\/posts"}],"about":[{"href":"http:\/\/www.kunstprofil-gso.de\/index.php?rest_route=\/wp\/v2\/types\/post"}],"author":[{"embeddable":true,"href":"http:\/\/www.kunstprofil-gso.de\/index.php?rest_route=\/wp\/v2\/users\/1"}],"replies":[{"embeddable":true,"href":"http:\/\/www.kunstprofil-gso.de\/index.php?rest_route=%2Fwp%2Fv2%2Fcomments&post=4104"}],"version-history":[{"count":1,"href":"http:\/\/www.kunstprofil-gso.de\/index.php?rest_route=\/wp\/v2\/posts\/4104\/revisions"}],"predecessor-version":[{"id":4112,"href":"http:\/\/www.kunstprofil-gso.de\/index.php?rest_route=\/wp\/v2\/posts\/4104\/revisions\/4112"}],"wp:featuredmedia":[{"embeddable":true,"href":"http:\/\/www.kunstprofil-gso.de\/index.php?rest_route=\/wp\/v2\/media\/4110"}],"wp:attachment":[{"href":"http:\/\/www.kunstprofil-gso.de\/index.php?rest_route=%2Fwp%2Fv2%2Fmedia&parent=4104"}],"wp:term":[{"taxonomy":"category","embeddable":true,"href":"http:\/\/www.kunstprofil-gso.de\/index.php?rest_route=%2Fwp%2Fv2%2Fcategories&post=4104"},{"taxonomy":"post_tag","embeddable":true,"href":"http:\/\/www.kunstprofil-gso.de\/index.php?rest_route=%2Fwp%2Fv2%2Ftags&post=4104"}],"curies":[{"name":"wp","href":"https:\/\/api.w.org\/{rel}","templated":true}]}}