{"id":3995,"date":"2016-02-26T16:14:53","date_gmt":"2016-02-26T15:14:53","guid":{"rendered":"http:\/\/www.kunstprofil-gso.de\/?p=3995"},"modified":"2016-04-25T12:24:48","modified_gmt":"2016-04-25T10:24:48","slug":"mit-wut-tueren-schlagen","status":"publish","type":"post","link":"http:\/\/www.kunstprofil-gso.de\/?p=3995","title":{"rendered":"Mit Wut: T\u00fcren-schlagen."},"content":{"rendered":"<p>Leider kann man seinem Zorn durch T\u00fcren-schlagen an der GSO nicht so recht Ausdruck verleihen, weil an den T\u00fcren dieser D\u00e4mpfer\/Schliesser oben angebaut sind. Mit der richtigen Musik (Prokofiev Romeo und Julia) wird das aber schon sehr \u00fcberzeugend, obwohl die T\u00fcren nur sanft schliessen.<\/p>\n<p>Dieser Film geh\u00f6rt zu den \u00dcbungen Einstellungen\/Schnitte.<\/p>\n<p>Kamera, Schnitt und Musikauswahl: Lara und Lea.<\/p>\n<div style=\"width: 625px;\" class=\"wp-video\"><video class=\"wp-video-shortcode\" id=\"video-3995-1\" width=\"625\" height=\"352\" preload=\"metadata\" controls=\"controls\"><source type=\"video\/mp4\" src=\"http:\/\/www.kunstprofil-gso.de\/wp-content\/uploads\/2016\/02\/T\u00fcr-2.mp4?_=1\" \/><a href=\"http:\/\/www.kunstprofil-gso.de\/wp-content\/uploads\/2016\/02\/T\u00fcr-2.mp4\">http:\/\/www.kunstprofil-gso.de\/wp-content\/uploads\/2016\/02\/T\u00fcr-2.mp4<\/a><\/video><\/div>\n","protected":false},"excerpt":{"rendered":"<p>Leider kann man seinem Zorn durch T\u00fcren-schlagen an der GSO nicht so recht Ausdruck verleihen, weil an den T\u00fcren dieser D\u00e4mpfer\/Schliesser oben angebaut sind. Mit der richtigen Musik (Prokofiev Romeo und Julia) wird das aber schon sehr \u00fcberzeugend, obwohl die T\u00fcren nur sanft schliessen. Dieser Film geh\u00f6rt zu den \u00dcbungen Einstellungen\/Schnitte. Kamera, Schnitt und Musikauswahl: [&hellip;]<\/p>\n","protected":false},"author":1,"featured_media":3996,"comment_status":"open","ping_status":"open","sticky":false,"template":"","format":"standard","meta":{"footnotes":""},"categories":[28,13],"tags":[],"class_list":["post-3995","post","type-post","status-publish","format-standard","has-post-thumbnail","hentry","category-12-jg","category-video"],"_links":{"self":[{"href":"http:\/\/www.kunstprofil-gso.de\/index.php?rest_route=\/wp\/v2\/posts\/3995","targetHints":{"allow":["GET"]}}],"collection":[{"href":"http:\/\/www.kunstprofil-gso.de\/index.php?rest_route=\/wp\/v2\/posts"}],"about":[{"href":"http:\/\/www.kunstprofil-gso.de\/index.php?rest_route=\/wp\/v2\/types\/post"}],"author":[{"embeddable":true,"href":"http:\/\/www.kunstprofil-gso.de\/index.php?rest_route=\/wp\/v2\/users\/1"}],"replies":[{"embeddable":true,"href":"http:\/\/www.kunstprofil-gso.de\/index.php?rest_route=%2Fwp%2Fv2%2Fcomments&post=3995"}],"version-history":[{"count":3,"href":"http:\/\/www.kunstprofil-gso.de\/index.php?rest_route=\/wp\/v2\/posts\/3995\/revisions"}],"predecessor-version":[{"id":4163,"href":"http:\/\/www.kunstprofil-gso.de\/index.php?rest_route=\/wp\/v2\/posts\/3995\/revisions\/4163"}],"wp:featuredmedia":[{"embeddable":true,"href":"http:\/\/www.kunstprofil-gso.de\/index.php?rest_route=\/wp\/v2\/media\/3996"}],"wp:attachment":[{"href":"http:\/\/www.kunstprofil-gso.de\/index.php?rest_route=%2Fwp%2Fv2%2Fmedia&parent=3995"}],"wp:term":[{"taxonomy":"category","embeddable":true,"href":"http:\/\/www.kunstprofil-gso.de\/index.php?rest_route=%2Fwp%2Fv2%2Fcategories&post=3995"},{"taxonomy":"post_tag","embeddable":true,"href":"http:\/\/www.kunstprofil-gso.de\/index.php?rest_route=%2Fwp%2Fv2%2Ftags&post=3995"}],"curies":[{"name":"wp","href":"https:\/\/api.w.org\/{rel}","templated":true}]}}