{"id":3989,"date":"2016-02-24T12:31:25","date_gmt":"2016-02-24T11:31:25","guid":{"rendered":"http:\/\/www.kunstprofil-gso.de\/?p=3989"},"modified":"2016-02-24T12:32:26","modified_gmt":"2016-02-24T11:32:26","slug":"hinter-gittern","status":"publish","type":"post","link":"http:\/\/www.kunstprofil-gso.de\/?p=3989","title":{"rendered":"Hinter Gittern"},"content":{"rendered":"<p>und daneben, darunter, davor: Eine ziemlich coole L\u00f6sung der Film-aufgabe &#8222;Einstellungen&#8220; zum Thema T\u00fcr \u00f6ffnen\/schliessen; gefilmt mit der simplen Ricoh-Kamera der Schule. Der Kn\u00fcller ist die kleine Kamera-Fahrt zwischendurch. Voll Profi-m\u00e4ssig.<\/p>\n<p>Kamera und Schnitt: Daniel C. und Tom.<\/p>\n<div style=\"width: 625px;\" class=\"wp-video\"><video class=\"wp-video-shortcode\" id=\"video-3989-1\" width=\"625\" height=\"352\" preload=\"metadata\" controls=\"controls\"><source type=\"video\/mp4\" src=\"http:\/\/www.kunstprofil-gso.de\/wp-content\/uploads\/2016\/02\/T\u00fcr-1.mp4?_=1\" \/><a href=\"http:\/\/www.kunstprofil-gso.de\/wp-content\/uploads\/2016\/02\/T\u00fcr-1.mp4\">http:\/\/www.kunstprofil-gso.de\/wp-content\/uploads\/2016\/02\/T\u00fcr-1.mp4<\/a><\/video><\/div>\n<p>&nbsp;<\/p>\n","protected":false},"excerpt":{"rendered":"<p>und daneben, darunter, davor: Eine ziemlich coole L\u00f6sung der Film-aufgabe &#8222;Einstellungen&#8220; zum Thema T\u00fcr \u00f6ffnen\/schliessen; gefilmt mit der simplen Ricoh-Kamera der Schule. Der Kn\u00fcller ist die kleine Kamera-Fahrt zwischendurch. Voll Profi-m\u00e4ssig. Kamera und Schnitt: Daniel C. und Tom. &nbsp;<\/p>\n","protected":false},"author":1,"featured_media":3990,"comment_status":"open","ping_status":"open","sticky":false,"template":"","format":"standard","meta":{"footnotes":""},"categories":[28,24,13],"tags":[],"class_list":["post-3989","post","type-post","status-publish","format-standard","has-post-thumbnail","hentry","category-12-jg","category-oberstufe","category-video"],"_links":{"self":[{"href":"http:\/\/www.kunstprofil-gso.de\/index.php?rest_route=\/wp\/v2\/posts\/3989","targetHints":{"allow":["GET"]}}],"collection":[{"href":"http:\/\/www.kunstprofil-gso.de\/index.php?rest_route=\/wp\/v2\/posts"}],"about":[{"href":"http:\/\/www.kunstprofil-gso.de\/index.php?rest_route=\/wp\/v2\/types\/post"}],"author":[{"embeddable":true,"href":"http:\/\/www.kunstprofil-gso.de\/index.php?rest_route=\/wp\/v2\/users\/1"}],"replies":[{"embeddable":true,"href":"http:\/\/www.kunstprofil-gso.de\/index.php?rest_route=%2Fwp%2Fv2%2Fcomments&post=3989"}],"version-history":[{"count":2,"href":"http:\/\/www.kunstprofil-gso.de\/index.php?rest_route=\/wp\/v2\/posts\/3989\/revisions"}],"predecessor-version":[{"id":3992,"href":"http:\/\/www.kunstprofil-gso.de\/index.php?rest_route=\/wp\/v2\/posts\/3989\/revisions\/3992"}],"wp:featuredmedia":[{"embeddable":true,"href":"http:\/\/www.kunstprofil-gso.de\/index.php?rest_route=\/wp\/v2\/media\/3990"}],"wp:attachment":[{"href":"http:\/\/www.kunstprofil-gso.de\/index.php?rest_route=%2Fwp%2Fv2%2Fmedia&parent=3989"}],"wp:term":[{"taxonomy":"category","embeddable":true,"href":"http:\/\/www.kunstprofil-gso.de\/index.php?rest_route=%2Fwp%2Fv2%2Fcategories&post=3989"},{"taxonomy":"post_tag","embeddable":true,"href":"http:\/\/www.kunstprofil-gso.de\/index.php?rest_route=%2Fwp%2Fv2%2Ftags&post=3989"}],"curies":[{"name":"wp","href":"https:\/\/api.w.org\/{rel}","templated":true}]}}