{"id":1486,"date":"2014-05-10T11:50:39","date_gmt":"2014-05-10T09:50:39","guid":{"rendered":"http:\/\/www.kunstprofil-gso.de\/?p=1486"},"modified":"2014-05-11T12:59:25","modified_gmt":"2014-05-11T10:59:25","slug":"text-folgt","status":"publish","type":"post","link":"http:\/\/www.kunstprofil-gso.de\/?p=1486","title":{"rendered":"F\u00fcsse rot-weiss"},"content":{"rendered":"<p>&nbsp;<\/p>\n<p>Also folgendes Szenario: Ich bin unten im Keller um aufzur\u00e4umen, nat\u00fcrlich vollkommen freiwillig und von alleine, da f\u00e4llt mir der Inhalt eines halben\u00a0 Regals vor die F\u00fc\u00dfe. Darunter auch ein Tuschkasten, dieser ist dann gleich auch auseinander gesprungen. Bei dem Versuch alles wieder ins Regal zu kacheln bin ich auf eine Tube Deckwei\u00df gestampft, nat\u00fcrlich habe ich die Farbe nicht im ganzen Keller verteilt. Also im getrockneten Zustand sieht das doch ganz schick aus, dachte ich mir. Als ich meinen Eltern erz\u00e4hlte das dies doch eine gute Idee f\u00fcr unser derzeitiges Kunst-Projekt sei: Meine F\u00fc\u00dfe mit Deckwei\u00df zu bepinseln. Fanden sie diese Idee ziemlich \u00d6de! Also nach einer Runde meines derzeitigen Serien-Hypes kam ich auf: Spritzer mit roter Farbe! Dies konnten sich meine Eltern schon eher vorstellen! Am n\u00e4chsten Tag erz\u00e4hlte ich Torben von dieser Idee, und er war gleich Feuer und Flamme als er die M\u00f6glichkeit sah mich mit Farbe voll klatschen zu k\u00f6nnen (ich habe nat\u00fcrlich nichts ins Gesicht bekommen;). Und endlich mal eine Aktion bei der meine F\u00fc\u00dfe nicht schon wieder schmerzen erleiden m\u00fcssen!<\/p>\n<p>Tom und Torben H.<\/p>\n<p><a href=\"http:\/\/www.kunstprofil-gso.de\/wp-content\/uploads\/2014\/05\/tomtorbenfuss1.jpg\" rel=\"wpdevart_lightbox\"><img loading=\"lazy\" decoding=\"async\" class=\"alignleft size-thumbnail wp-image-1487\" src=\"http:\/\/www.kunstprofil-gso.de\/wp-content\/uploads\/2014\/05\/tomtorbenfuss1-160x160.jpg\" alt=\"Exif_JPEG_PICTURE\" width=\"160\" height=\"160\" srcset=\"http:\/\/www.kunstprofil-gso.de\/wp-content\/uploads\/2014\/05\/tomtorbenfuss1-160x160.jpg 160w, http:\/\/www.kunstprofil-gso.de\/wp-content\/uploads\/2014\/05\/tomtorbenfuss1-200x200.jpg 200w, http:\/\/www.kunstprofil-gso.de\/wp-content\/uploads\/2014\/05\/tomtorbenfuss1-624x624.jpg 624w, http:\/\/www.kunstprofil-gso.de\/wp-content\/uploads\/2014\/05\/tomtorbenfuss1.jpg 1500w\" sizes=\"auto, (max-width: 160px) 100vw, 160px\" \/><\/a> <a href=\"http:\/\/www.kunstprofil-gso.de\/wp-content\/uploads\/2014\/05\/tomtorbenfuss2.jpg\" rel=\"wpdevart_lightbox\"><img loading=\"lazy\" decoding=\"async\" class=\"alignleft size-thumbnail wp-image-1488\" src=\"http:\/\/www.kunstprofil-gso.de\/wp-content\/uploads\/2014\/05\/tomtorbenfuss2-160x160.jpg\" alt=\"Exif_JPEG_PICTURE\" width=\"160\" height=\"160\" srcset=\"http:\/\/www.kunstprofil-gso.de\/wp-content\/uploads\/2014\/05\/tomtorbenfuss2-160x160.jpg 160w, http:\/\/www.kunstprofil-gso.de\/wp-content\/uploads\/2014\/05\/tomtorbenfuss2-200x200.jpg 200w, http:\/\/www.kunstprofil-gso.de\/wp-content\/uploads\/2014\/05\/tomtorbenfuss2-624x624.jpg 624w, http:\/\/www.kunstprofil-gso.de\/wp-content\/uploads\/2014\/05\/tomtorbenfuss2.jpg 1500w\" sizes=\"auto, (max-width: 160px) 100vw, 160px\" \/><\/a> <a href=\"http:\/\/www.kunstprofil-gso.de\/wp-content\/uploads\/2014\/05\/tomtorbenfuss3.jpg\" rel=\"wpdevart_lightbox\"><img loading=\"lazy\" decoding=\"async\" class=\"alignleft size-thumbnail wp-image-1489\" src=\"http:\/\/www.kunstprofil-gso.de\/wp-content\/uploads\/2014\/05\/tomtorbenfuss3-160x160.jpg\" alt=\"Exif_JPEG_PICTURE\" width=\"160\" height=\"160\" srcset=\"http:\/\/www.kunstprofil-gso.de\/wp-content\/uploads\/2014\/05\/tomtorbenfuss3-160x160.jpg 160w, http:\/\/www.kunstprofil-gso.de\/wp-content\/uploads\/2014\/05\/tomtorbenfuss3-200x200.jpg 200w, http:\/\/www.kunstprofil-gso.de\/wp-content\/uploads\/2014\/05\/tomtorbenfuss3-624x624.jpg 624w, http:\/\/www.kunstprofil-gso.de\/wp-content\/uploads\/2014\/05\/tomtorbenfuss3.jpg 1500w\" sizes=\"auto, (max-width: 160px) 100vw, 160px\" \/><\/a> <a href=\"http:\/\/www.kunstprofil-gso.de\/wp-content\/uploads\/2014\/05\/tomtorbenfuss4.jpg\" rel=\"wpdevart_lightbox\"><img loading=\"lazy\" decoding=\"async\" class=\"alignleft size-thumbnail wp-image-1490\" src=\"http:\/\/www.kunstprofil-gso.de\/wp-content\/uploads\/2014\/05\/tomtorbenfuss4-160x160.jpg\" alt=\"Exif_JPEG_PICTURE\" width=\"160\" height=\"160\" srcset=\"http:\/\/www.kunstprofil-gso.de\/wp-content\/uploads\/2014\/05\/tomtorbenfuss4-160x160.jpg 160w, http:\/\/www.kunstprofil-gso.de\/wp-content\/uploads\/2014\/05\/tomtorbenfuss4-200x200.jpg 200w, http:\/\/www.kunstprofil-gso.de\/wp-content\/uploads\/2014\/05\/tomtorbenfuss4-624x624.jpg 624w, http:\/\/www.kunstprofil-gso.de\/wp-content\/uploads\/2014\/05\/tomtorbenfuss4.jpg 1500w\" sizes=\"auto, (max-width: 160px) 100vw, 160px\" \/><\/a> <a href=\"http:\/\/www.kunstprofil-gso.de\/wp-content\/uploads\/2014\/05\/tomtorbenfuss5.jpg\" rel=\"wpdevart_lightbox\"><img loading=\"lazy\" decoding=\"async\" class=\"alignleft size-thumbnail wp-image-1491\" src=\"http:\/\/www.kunstprofil-gso.de\/wp-content\/uploads\/2014\/05\/tomtorbenfuss5-160x160.jpg\" alt=\"Exif_JPEG_PICTURE\" width=\"160\" height=\"160\" srcset=\"http:\/\/www.kunstprofil-gso.de\/wp-content\/uploads\/2014\/05\/tomtorbenfuss5-160x160.jpg 160w, http:\/\/www.kunstprofil-gso.de\/wp-content\/uploads\/2014\/05\/tomtorbenfuss5-200x200.jpg 200w, http:\/\/www.kunstprofil-gso.de\/wp-content\/uploads\/2014\/05\/tomtorbenfuss5-624x624.jpg 624w, http:\/\/www.kunstprofil-gso.de\/wp-content\/uploads\/2014\/05\/tomtorbenfuss5.jpg 1500w\" sizes=\"auto, (max-width: 160px) 100vw, 160px\" \/><\/a> <a href=\"http:\/\/www.kunstprofil-gso.de\/wp-content\/uploads\/2014\/05\/tomtorbenfuss6.jpg\" rel=\"wpdevart_lightbox\"><img loading=\"lazy\" decoding=\"async\" class=\"alignleft size-thumbnail wp-image-1492\" src=\"http:\/\/www.kunstprofil-gso.de\/wp-content\/uploads\/2014\/05\/tomtorbenfuss6-160x160.jpg\" alt=\"Exif_JPEG_PICTURE\" width=\"160\" height=\"160\" srcset=\"http:\/\/www.kunstprofil-gso.de\/wp-content\/uploads\/2014\/05\/tomtorbenfuss6-160x160.jpg 160w, http:\/\/www.kunstprofil-gso.de\/wp-content\/uploads\/2014\/05\/tomtorbenfuss6-200x200.jpg 200w, http:\/\/www.kunstprofil-gso.de\/wp-content\/uploads\/2014\/05\/tomtorbenfuss6-624x624.jpg 624w, http:\/\/www.kunstprofil-gso.de\/wp-content\/uploads\/2014\/05\/tomtorbenfuss6.jpg 1500w\" sizes=\"auto, (max-width: 160px) 100vw, 160px\" \/><\/a> <a href=\"http:\/\/www.kunstprofil-gso.de\/wp-content\/uploads\/2014\/05\/tomtorbenfuss7.jpg\" rel=\"wpdevart_lightbox\"><img loading=\"lazy\" decoding=\"async\" class=\"alignleft size-thumbnail wp-image-1493\" src=\"http:\/\/www.kunstprofil-gso.de\/wp-content\/uploads\/2014\/05\/tomtorbenfuss7-160x160.jpg\" alt=\"Exif_JPEG_PICTURE\" width=\"160\" height=\"160\" srcset=\"http:\/\/www.kunstprofil-gso.de\/wp-content\/uploads\/2014\/05\/tomtorbenfuss7-160x160.jpg 160w, http:\/\/www.kunstprofil-gso.de\/wp-content\/uploads\/2014\/05\/tomtorbenfuss7-200x200.jpg 200w, http:\/\/www.kunstprofil-gso.de\/wp-content\/uploads\/2014\/05\/tomtorbenfuss7-624x624.jpg 624w, http:\/\/www.kunstprofil-gso.de\/wp-content\/uploads\/2014\/05\/tomtorbenfuss7.jpg 1500w\" sizes=\"auto, (max-width: 160px) 100vw, 160px\" \/><\/a> <a href=\"http:\/\/www.kunstprofil-gso.de\/wp-content\/uploads\/2014\/05\/tomtorbenfuss8.jpg\" rel=\"wpdevart_lightbox\"><img loading=\"lazy\" decoding=\"async\" class=\"alignleft size-thumbnail wp-image-1494\" src=\"http:\/\/www.kunstprofil-gso.de\/wp-content\/uploads\/2014\/05\/tomtorbenfuss8-160x160.jpg\" alt=\"Exif_JPEG_PICTURE\" width=\"160\" height=\"160\" srcset=\"http:\/\/www.kunstprofil-gso.de\/wp-content\/uploads\/2014\/05\/tomtorbenfuss8-160x160.jpg 160w, http:\/\/www.kunstprofil-gso.de\/wp-content\/uploads\/2014\/05\/tomtorbenfuss8-200x200.jpg 200w, http:\/\/www.kunstprofil-gso.de\/wp-content\/uploads\/2014\/05\/tomtorbenfuss8-624x624.jpg 624w, http:\/\/www.kunstprofil-gso.de\/wp-content\/uploads\/2014\/05\/tomtorbenfuss8.jpg 1500w\" sizes=\"auto, (max-width: 160px) 100vw, 160px\" \/><\/a> <a href=\"http:\/\/www.kunstprofil-gso.de\/wp-content\/uploads\/2014\/05\/tomtorbenfuss9.jpg\" rel=\"wpdevart_lightbox\"><img loading=\"lazy\" decoding=\"async\" class=\"alignleft size-thumbnail wp-image-1495\" src=\"http:\/\/www.kunstprofil-gso.de\/wp-content\/uploads\/2014\/05\/tomtorbenfuss9-160x160.jpg\" alt=\"Exif_JPEG_PICTURE\" width=\"160\" height=\"160\" srcset=\"http:\/\/www.kunstprofil-gso.de\/wp-content\/uploads\/2014\/05\/tomtorbenfuss9-160x160.jpg 160w, http:\/\/www.kunstprofil-gso.de\/wp-content\/uploads\/2014\/05\/tomtorbenfuss9-200x200.jpg 200w, http:\/\/www.kunstprofil-gso.de\/wp-content\/uploads\/2014\/05\/tomtorbenfuss9-624x624.jpg 624w, http:\/\/www.kunstprofil-gso.de\/wp-content\/uploads\/2014\/05\/tomtorbenfuss9.jpg 1500w\" sizes=\"auto, (max-width: 160px) 100vw, 160px\" \/><\/a><\/p>\n","protected":false},"excerpt":{"rendered":"<p>&nbsp; Also folgendes Szenario: Ich bin unten im Keller um aufzur\u00e4umen, nat\u00fcrlich vollkommen freiwillig und von alleine, da f\u00e4llt mir der Inhalt eines halben\u00a0 Regals vor die F\u00fc\u00dfe. Darunter auch ein Tuschkasten, dieser ist dann gleich auch auseinander gesprungen. Bei dem Versuch alles wieder ins Regal zu kacheln bin ich auf eine Tube Deckwei\u00df gestampft, [&hellip;]<\/p>\n","protected":false},"author":1,"featured_media":1496,"comment_status":"open","ping_status":"open","sticky":false,"template":"","format":"standard","meta":{"footnotes":""},"categories":[9,6],"tags":[],"class_list":["post-1486","post","type-post","status-publish","format-standard","has-post-thumbnail","hentry","category-10-2","category-koerperkunst"],"_links":{"self":[{"href":"http:\/\/www.kunstprofil-gso.de\/index.php?rest_route=\/wp\/v2\/posts\/1486","targetHints":{"allow":["GET"]}}],"collection":[{"href":"http:\/\/www.kunstprofil-gso.de\/index.php?rest_route=\/wp\/v2\/posts"}],"about":[{"href":"http:\/\/www.kunstprofil-gso.de\/index.php?rest_route=\/wp\/v2\/types\/post"}],"author":[{"embeddable":true,"href":"http:\/\/www.kunstprofil-gso.de\/index.php?rest_route=\/wp\/v2\/users\/1"}],"replies":[{"embeddable":true,"href":"http:\/\/www.kunstprofil-gso.de\/index.php?rest_route=%2Fwp%2Fv2%2Fcomments&post=1486"}],"version-history":[{"count":2,"href":"http:\/\/www.kunstprofil-gso.de\/index.php?rest_route=\/wp\/v2\/posts\/1486\/revisions"}],"predecessor-version":[{"id":1498,"href":"http:\/\/www.kunstprofil-gso.de\/index.php?rest_route=\/wp\/v2\/posts\/1486\/revisions\/1498"}],"wp:featuredmedia":[{"embeddable":true,"href":"http:\/\/www.kunstprofil-gso.de\/index.php?rest_route=\/wp\/v2\/media\/1496"}],"wp:attachment":[{"href":"http:\/\/www.kunstprofil-gso.de\/index.php?rest_route=%2Fwp%2Fv2%2Fmedia&parent=1486"}],"wp:term":[{"taxonomy":"category","embeddable":true,"href":"http:\/\/www.kunstprofil-gso.de\/index.php?rest_route=%2Fwp%2Fv2%2Fcategories&post=1486"},{"taxonomy":"post_tag","embeddable":true,"href":"http:\/\/www.kunstprofil-gso.de\/index.php?rest_route=%2Fwp%2Fv2%2Ftags&post=1486"}],"curies":[{"name":"wp","href":"https:\/\/api.w.org\/{rel}","templated":true}]}}