{"id":1401,"date":"2014-03-31T18:56:56","date_gmt":"2014-03-31T16:56:56","guid":{"rendered":"http:\/\/www.kunstprofil-gso.de\/?p=1401"},"modified":"2014-04-01T18:15:18","modified_gmt":"2014-04-01T16:15:18","slug":"fuesse-blaue-periode","status":"publish","type":"post","link":"http:\/\/www.kunstprofil-gso.de\/?p=1401","title":{"rendered":"F\u00fcsse &#8211; blaue Periode?"},"content":{"rendered":"<p>&nbsp;<\/p>\n<p>Nachdem Torben und meine Wenigkeit\u00a0 unser letztes Projekt (siehe: &#8222;Die Enthaarung&#8220;) beendet hatten, ben\u00f6tigten wir schnell eine Idee f\u00fcr ein neues! &#8222;SCHNELL?&#8220; fragen sie sich jetzt bestimmt, ich kann nur entgegnen &#8222;ja sehr schnell&#8220;. Denn nichts tun, ist nat\u00fcrlich wie in jedem Unterricht unerw\u00fcnscht und unerlaubt! &#8222;Da k\u00f6nnte man sich ja auch vor dem Unterricht ein bisschen Gedanken machen&#8220; sagte Herr Ru\u00dfek. Aber dass ist nicht so einfach, wenn man in einem Team arbeitet, mal ist der eine krank und mal der andere und dies gef\u00e4llt dem anderen nicht das mal mir nicht.<\/p>\n<p>&nbsp;<\/p>\n<p>Wenn wir uns mal einig sind macht Herr Ru\u00dfek uns einen Strich durch die Rechnung mit S\u00e4tzen wie: Wei\u00df nicht, dann gibt es nur Stress mit der Putzfrau, dauert zu lange oder ach h\u00f6r doch auf&#8230;! Ich habe echt keine Ahnung wie wir auf die Idee gekommen sind Kreide zu mahlen und leicht anzufeuchten. Und wer zum Teufel auf die super mega geniale Idee kam nach meinem Arm auch noch meine F\u00fc\u00dfe zu entstellen wei\u00df ich auch nicht. Gestern bekam ich eine E-Mail von unserem Kunstlehrer dass diese \u00dcberlichtung (siehe Hintergrund) ziemlich schick sei. Nur das bl\u00f6de ist dass wir nicht mehr wissen wie das so geworden ist.<\/p>\n<p>&nbsp;<\/p>\n<p>Tom<\/p>\n<p>&nbsp;<\/p>\n<p>&nbsp;<\/p>\n<p><a href=\"http:\/\/www.kunstprofil-gso.de\/wp-content\/uploads\/2014\/03\/f\u00fc\u00fcseblau01.jpg\" rel=\"wpdevart_lightbox\"><img loading=\"lazy\" decoding=\"async\" class=\"alignleft size-thumbnail wp-image-1402\" alt=\"Exif_JPEG_PICTURE\" src=\"http:\/\/www.kunstprofil-gso.de\/wp-content\/uploads\/2014\/03\/f\u00fc\u00fcseblau01-160x160.jpg\" width=\"160\" height=\"160\" srcset=\"http:\/\/www.kunstprofil-gso.de\/wp-content\/uploads\/2014\/03\/f\u00fc\u00fcseblau01-160x160.jpg 160w, http:\/\/www.kunstprofil-gso.de\/wp-content\/uploads\/2014\/03\/f\u00fc\u00fcseblau01-200x200.jpg 200w, http:\/\/www.kunstprofil-gso.de\/wp-content\/uploads\/2014\/03\/f\u00fc\u00fcseblau01-624x624.jpg 624w, http:\/\/www.kunstprofil-gso.de\/wp-content\/uploads\/2014\/03\/f\u00fc\u00fcseblau01.jpg 1500w\" sizes=\"auto, (max-width: 160px) 100vw, 160px\" \/><\/a> <a href=\"http:\/\/www.kunstprofil-gso.de\/wp-content\/uploads\/2014\/03\/f\u00fc\u00fcseblau02.jpg\" rel=\"wpdevart_lightbox\"><img loading=\"lazy\" decoding=\"async\" class=\"alignleft size-thumbnail wp-image-1403\" alt=\"Exif_JPEG_PICTURE\" src=\"http:\/\/www.kunstprofil-gso.de\/wp-content\/uploads\/2014\/03\/f\u00fc\u00fcseblau02-160x160.jpg\" width=\"160\" height=\"160\" srcset=\"http:\/\/www.kunstprofil-gso.de\/wp-content\/uploads\/2014\/03\/f\u00fc\u00fcseblau02-160x160.jpg 160w, http:\/\/www.kunstprofil-gso.de\/wp-content\/uploads\/2014\/03\/f\u00fc\u00fcseblau02-200x200.jpg 200w, http:\/\/www.kunstprofil-gso.de\/wp-content\/uploads\/2014\/03\/f\u00fc\u00fcseblau02-624x624.jpg 624w, http:\/\/www.kunstprofil-gso.de\/wp-content\/uploads\/2014\/03\/f\u00fc\u00fcseblau02.jpg 1500w\" sizes=\"auto, (max-width: 160px) 100vw, 160px\" \/><\/a> <a href=\"http:\/\/www.kunstprofil-gso.de\/wp-content\/uploads\/2014\/03\/f\u00fc\u00fcseblau03.jpg\" rel=\"wpdevart_lightbox\"><img loading=\"lazy\" decoding=\"async\" class=\"alignleft size-thumbnail wp-image-1404\" alt=\"Exif_JPEG_PICTURE\" src=\"http:\/\/www.kunstprofil-gso.de\/wp-content\/uploads\/2014\/03\/f\u00fc\u00fcseblau03-160x160.jpg\" width=\"160\" height=\"160\" srcset=\"http:\/\/www.kunstprofil-gso.de\/wp-content\/uploads\/2014\/03\/f\u00fc\u00fcseblau03-160x160.jpg 160w, http:\/\/www.kunstprofil-gso.de\/wp-content\/uploads\/2014\/03\/f\u00fc\u00fcseblau03-200x200.jpg 200w, http:\/\/www.kunstprofil-gso.de\/wp-content\/uploads\/2014\/03\/f\u00fc\u00fcseblau03-624x624.jpg 624w, http:\/\/www.kunstprofil-gso.de\/wp-content\/uploads\/2014\/03\/f\u00fc\u00fcseblau03.jpg 1500w\" sizes=\"auto, (max-width: 160px) 100vw, 160px\" \/><\/a> <a href=\"http:\/\/www.kunstprofil-gso.de\/wp-content\/uploads\/2014\/03\/f\u00fc\u00fcseblau04.jpg\" rel=\"wpdevart_lightbox\"><img loading=\"lazy\" decoding=\"async\" class=\"alignleft size-thumbnail wp-image-1405\" alt=\"Exif_JPEG_PICTURE\" src=\"http:\/\/www.kunstprofil-gso.de\/wp-content\/uploads\/2014\/03\/f\u00fc\u00fcseblau04-160x160.jpg\" width=\"160\" height=\"160\" srcset=\"http:\/\/www.kunstprofil-gso.de\/wp-content\/uploads\/2014\/03\/f\u00fc\u00fcseblau04-160x160.jpg 160w, http:\/\/www.kunstprofil-gso.de\/wp-content\/uploads\/2014\/03\/f\u00fc\u00fcseblau04-200x200.jpg 200w, http:\/\/www.kunstprofil-gso.de\/wp-content\/uploads\/2014\/03\/f\u00fc\u00fcseblau04-624x624.jpg 624w, http:\/\/www.kunstprofil-gso.de\/wp-content\/uploads\/2014\/03\/f\u00fc\u00fcseblau04.jpg 1500w\" sizes=\"auto, (max-width: 160px) 100vw, 160px\" \/><\/a> <a href=\"http:\/\/www.kunstprofil-gso.de\/wp-content\/uploads\/2014\/03\/f\u00fc\u00fcseblau05.jpg\" rel=\"wpdevart_lightbox\"><img loading=\"lazy\" decoding=\"async\" class=\"alignleft size-thumbnail wp-image-1406\" alt=\"Exif_JPEG_PICTURE\" src=\"http:\/\/www.kunstprofil-gso.de\/wp-content\/uploads\/2014\/03\/f\u00fc\u00fcseblau05-160x160.jpg\" width=\"160\" height=\"160\" srcset=\"http:\/\/www.kunstprofil-gso.de\/wp-content\/uploads\/2014\/03\/f\u00fc\u00fcseblau05-160x160.jpg 160w, http:\/\/www.kunstprofil-gso.de\/wp-content\/uploads\/2014\/03\/f\u00fc\u00fcseblau05-200x200.jpg 200w, http:\/\/www.kunstprofil-gso.de\/wp-content\/uploads\/2014\/03\/f\u00fc\u00fcseblau05-624x624.jpg 624w, http:\/\/www.kunstprofil-gso.de\/wp-content\/uploads\/2014\/03\/f\u00fc\u00fcseblau05.jpg 1500w\" sizes=\"auto, (max-width: 160px) 100vw, 160px\" \/><\/a> <a href=\"http:\/\/www.kunstprofil-gso.de\/wp-content\/uploads\/2014\/03\/f\u00fc\u00fcseblau06.jpg\" rel=\"wpdevart_lightbox\"><img loading=\"lazy\" decoding=\"async\" class=\"alignleft size-thumbnail wp-image-1407\" alt=\"Exif_JPEG_PICTURE\" src=\"http:\/\/www.kunstprofil-gso.de\/wp-content\/uploads\/2014\/03\/f\u00fc\u00fcseblau06-160x160.jpg\" width=\"160\" height=\"160\" srcset=\"http:\/\/www.kunstprofil-gso.de\/wp-content\/uploads\/2014\/03\/f\u00fc\u00fcseblau06-160x160.jpg 160w, http:\/\/www.kunstprofil-gso.de\/wp-content\/uploads\/2014\/03\/f\u00fc\u00fcseblau06-200x200.jpg 200w, http:\/\/www.kunstprofil-gso.de\/wp-content\/uploads\/2014\/03\/f\u00fc\u00fcseblau06-624x624.jpg 624w, http:\/\/www.kunstprofil-gso.de\/wp-content\/uploads\/2014\/03\/f\u00fc\u00fcseblau06.jpg 1500w\" sizes=\"auto, (max-width: 160px) 100vw, 160px\" \/><\/a> <a href=\"http:\/\/www.kunstprofil-gso.de\/wp-content\/uploads\/2014\/03\/f\u00fc\u00fcseblau07.jpg\" rel=\"wpdevart_lightbox\"><img loading=\"lazy\" decoding=\"async\" class=\"alignleft size-thumbnail wp-image-1408\" alt=\"Exif_JPEG_PICTURE\" src=\"http:\/\/www.kunstprofil-gso.de\/wp-content\/uploads\/2014\/03\/f\u00fc\u00fcseblau07-160x160.jpg\" width=\"160\" height=\"160\" srcset=\"http:\/\/www.kunstprofil-gso.de\/wp-content\/uploads\/2014\/03\/f\u00fc\u00fcseblau07-160x160.jpg 160w, http:\/\/www.kunstprofil-gso.de\/wp-content\/uploads\/2014\/03\/f\u00fc\u00fcseblau07-200x200.jpg 200w, http:\/\/www.kunstprofil-gso.de\/wp-content\/uploads\/2014\/03\/f\u00fc\u00fcseblau07-624x624.jpg 624w, http:\/\/www.kunstprofil-gso.de\/wp-content\/uploads\/2014\/03\/f\u00fc\u00fcseblau07.jpg 1500w\" sizes=\"auto, (max-width: 160px) 100vw, 160px\" \/><\/a> <a href=\"http:\/\/www.kunstprofil-gso.de\/wp-content\/uploads\/2014\/03\/f\u00fc\u00fcseblau08.jpg\" rel=\"wpdevart_lightbox\"><img loading=\"lazy\" decoding=\"async\" class=\"alignleft size-thumbnail wp-image-1409\" alt=\"Exif_JPEG_PICTURE\" src=\"http:\/\/www.kunstprofil-gso.de\/wp-content\/uploads\/2014\/03\/f\u00fc\u00fcseblau08-160x160.jpg\" width=\"160\" height=\"160\" srcset=\"http:\/\/www.kunstprofil-gso.de\/wp-content\/uploads\/2014\/03\/f\u00fc\u00fcseblau08-160x160.jpg 160w, http:\/\/www.kunstprofil-gso.de\/wp-content\/uploads\/2014\/03\/f\u00fc\u00fcseblau08-200x200.jpg 200w, http:\/\/www.kunstprofil-gso.de\/wp-content\/uploads\/2014\/03\/f\u00fc\u00fcseblau08-624x624.jpg 624w, http:\/\/www.kunstprofil-gso.de\/wp-content\/uploads\/2014\/03\/f\u00fc\u00fcseblau08.jpg 1500w\" sizes=\"auto, (max-width: 160px) 100vw, 160px\" \/><\/a> <a href=\"http:\/\/www.kunstprofil-gso.de\/wp-content\/uploads\/2014\/03\/f\u00fc\u00fcseblau10.jpg\" rel=\"wpdevart_lightbox\"><img loading=\"lazy\" decoding=\"async\" class=\"alignleft size-thumbnail wp-image-1411\" alt=\"Exif_JPEG_PICTURE\" src=\"http:\/\/www.kunstprofil-gso.de\/wp-content\/uploads\/2014\/03\/f\u00fc\u00fcseblau10-160x160.jpg\" width=\"160\" height=\"160\" srcset=\"http:\/\/www.kunstprofil-gso.de\/wp-content\/uploads\/2014\/03\/f\u00fc\u00fcseblau10-160x160.jpg 160w, http:\/\/www.kunstprofil-gso.de\/wp-content\/uploads\/2014\/03\/f\u00fc\u00fcseblau10-200x200.jpg 200w, http:\/\/www.kunstprofil-gso.de\/wp-content\/uploads\/2014\/03\/f\u00fc\u00fcseblau10-624x624.jpg 624w, http:\/\/www.kunstprofil-gso.de\/wp-content\/uploads\/2014\/03\/f\u00fc\u00fcseblau10.jpg 1500w\" sizes=\"auto, (max-width: 160px) 100vw, 160px\" \/><\/a><\/p>\n<p>&nbsp;<\/p>\n<p>&nbsp;<\/p>\n<p>&nbsp;<\/p>\n<p>&nbsp;<\/p>\n<p>&nbsp;<\/p>\n<p>&nbsp;<\/p>\n<p>&nbsp;<\/p>\n<p>&nbsp;<\/p>\n<p>&nbsp;<\/p>\n<p>&nbsp;<\/p>\n<p>&nbsp;<\/p>\n<p>Fotos und F\u00fcsse: Tom und Torben H.<\/p>\n","protected":false},"excerpt":{"rendered":"<p>&nbsp; Nachdem Torben und meine Wenigkeit\u00a0 unser letztes Projekt (siehe: &#8222;Die Enthaarung&#8220;) beendet hatten, ben\u00f6tigten wir schnell eine Idee f\u00fcr ein neues! &#8222;SCHNELL?&#8220; fragen sie sich jetzt bestimmt, ich kann nur entgegnen &#8222;ja sehr schnell&#8220;. Denn nichts tun, ist nat\u00fcrlich wie in jedem Unterricht unerw\u00fcnscht und unerlaubt! &#8222;Da k\u00f6nnte man sich ja auch vor dem [&hellip;]<\/p>\n","protected":false},"author":1,"featured_media":1410,"comment_status":"open","ping_status":"open","sticky":false,"template":"","format":"standard","meta":{"footnotes":""},"categories":[9,6],"tags":[],"class_list":["post-1401","post","type-post","status-publish","format-standard","has-post-thumbnail","hentry","category-10-2","category-koerperkunst"],"_links":{"self":[{"href":"http:\/\/www.kunstprofil-gso.de\/index.php?rest_route=\/wp\/v2\/posts\/1401","targetHints":{"allow":["GET"]}}],"collection":[{"href":"http:\/\/www.kunstprofil-gso.de\/index.php?rest_route=\/wp\/v2\/posts"}],"about":[{"href":"http:\/\/www.kunstprofil-gso.de\/index.php?rest_route=\/wp\/v2\/types\/post"}],"author":[{"embeddable":true,"href":"http:\/\/www.kunstprofil-gso.de\/index.php?rest_route=\/wp\/v2\/users\/1"}],"replies":[{"embeddable":true,"href":"http:\/\/www.kunstprofil-gso.de\/index.php?rest_route=%2Fwp%2Fv2%2Fcomments&post=1401"}],"version-history":[{"count":4,"href":"http:\/\/www.kunstprofil-gso.de\/index.php?rest_route=\/wp\/v2\/posts\/1401\/revisions"}],"predecessor-version":[{"id":1432,"href":"http:\/\/www.kunstprofil-gso.de\/index.php?rest_route=\/wp\/v2\/posts\/1401\/revisions\/1432"}],"wp:featuredmedia":[{"embeddable":true,"href":"http:\/\/www.kunstprofil-gso.de\/index.php?rest_route=\/wp\/v2\/media\/1410"}],"wp:attachment":[{"href":"http:\/\/www.kunstprofil-gso.de\/index.php?rest_route=%2Fwp%2Fv2%2Fmedia&parent=1401"}],"wp:term":[{"taxonomy":"category","embeddable":true,"href":"http:\/\/www.kunstprofil-gso.de\/index.php?rest_route=%2Fwp%2Fv2%2Fcategories&post=1401"},{"taxonomy":"post_tag","embeddable":true,"href":"http:\/\/www.kunstprofil-gso.de\/index.php?rest_route=%2Fwp%2Fv2%2Ftags&post=1401"}],"curies":[{"name":"wp","href":"https:\/\/api.w.org\/{rel}","templated":true}]}}