{"id":1389,"date":"2014-03-31T18:52:56","date_gmt":"2014-03-31T16:52:56","guid":{"rendered":"http:\/\/www.kunstprofil-gso.de\/?p=1389"},"modified":"2014-03-31T18:52:56","modified_gmt":"2014-03-31T16:52:56","slug":"stoerung-bei-der-arbeit","status":"publish","type":"post","link":"http:\/\/www.kunstprofil-gso.de\/?p=1389","title":{"rendered":"St\u00f6rung bei der Arbeit"},"content":{"rendered":"<p>&nbsp;<\/p>\n<p>Wir waren dabei uns vor der T\u00fcr zu lasern als ganz auf einmal total mega super pl\u00f6tzlich und unerwartet Herr Ru\u00dfek herein gest\u00fcrmt kam. Die Kamera stand ausnahmsweise einmal richtig und nun war das nicht mehr so. Das Problem war zum Gl\u00fcck schnell wieder behoben. Und nach dem der Schreck \u00fcberstanden war und ich Samira beruhigt hatte konnten wir endlich weiter arbeiten.\u00a0 Schluss f\u00fcr heute.<\/p>\n<p>&nbsp;<\/p>\n<p>Fasel und Scharf<\/p>\n<p><a href=\"http:\/\/www.kunstprofil-gso.de\/wp-content\/uploads\/2014\/03\/laser01.jpg\" rel=\"wpdevart_lightbox\"><img loading=\"lazy\" decoding=\"async\" class=\"alignleft size-thumbnail wp-image-1390\" alt=\"Exif_JPEG_PICTURE\" src=\"http:\/\/www.kunstprofil-gso.de\/wp-content\/uploads\/2014\/03\/laser01-160x160.jpg\" width=\"160\" height=\"160\" srcset=\"http:\/\/www.kunstprofil-gso.de\/wp-content\/uploads\/2014\/03\/laser01-160x160.jpg 160w, http:\/\/www.kunstprofil-gso.de\/wp-content\/uploads\/2014\/03\/laser01-200x200.jpg 200w, http:\/\/www.kunstprofil-gso.de\/wp-content\/uploads\/2014\/03\/laser01-624x624.jpg 624w, http:\/\/www.kunstprofil-gso.de\/wp-content\/uploads\/2014\/03\/laser01.jpg 1500w\" sizes=\"auto, (max-width: 160px) 100vw, 160px\" \/><\/a> <a href=\"http:\/\/www.kunstprofil-gso.de\/wp-content\/uploads\/2014\/03\/laser03.jpg\" rel=\"wpdevart_lightbox\"><img loading=\"lazy\" decoding=\"async\" class=\"alignleft size-thumbnail wp-image-1392\" alt=\"Exif_JPEG_PICTURE\" src=\"http:\/\/www.kunstprofil-gso.de\/wp-content\/uploads\/2014\/03\/laser03-160x160.jpg\" width=\"160\" height=\"160\" srcset=\"http:\/\/www.kunstprofil-gso.de\/wp-content\/uploads\/2014\/03\/laser03-160x160.jpg 160w, http:\/\/www.kunstprofil-gso.de\/wp-content\/uploads\/2014\/03\/laser03-200x200.jpg 200w, http:\/\/www.kunstprofil-gso.de\/wp-content\/uploads\/2014\/03\/laser03-624x624.jpg 624w, http:\/\/www.kunstprofil-gso.de\/wp-content\/uploads\/2014\/03\/laser03.jpg 1500w\" sizes=\"auto, (max-width: 160px) 100vw, 160px\" \/><\/a> <a href=\"http:\/\/www.kunstprofil-gso.de\/wp-content\/uploads\/2014\/03\/laser04.jpg\" rel=\"wpdevart_lightbox\"><img loading=\"lazy\" decoding=\"async\" class=\"alignleft size-thumbnail wp-image-1393\" alt=\"Exif_JPEG_PICTURE\" src=\"http:\/\/www.kunstprofil-gso.de\/wp-content\/uploads\/2014\/03\/laser04-160x160.jpg\" width=\"160\" height=\"160\" srcset=\"http:\/\/www.kunstprofil-gso.de\/wp-content\/uploads\/2014\/03\/laser04-160x160.jpg 160w, http:\/\/www.kunstprofil-gso.de\/wp-content\/uploads\/2014\/03\/laser04-200x200.jpg 200w, http:\/\/www.kunstprofil-gso.de\/wp-content\/uploads\/2014\/03\/laser04-624x624.jpg 624w, http:\/\/www.kunstprofil-gso.de\/wp-content\/uploads\/2014\/03\/laser04.jpg 1500w\" sizes=\"auto, (max-width: 160px) 100vw, 160px\" \/><\/a> <a href=\"http:\/\/www.kunstprofil-gso.de\/wp-content\/uploads\/2014\/03\/laser05.jpg\" rel=\"wpdevart_lightbox\"><img loading=\"lazy\" decoding=\"async\" class=\"alignleft size-thumbnail wp-image-1394\" alt=\"Exif_JPEG_PICTURE\" src=\"http:\/\/www.kunstprofil-gso.de\/wp-content\/uploads\/2014\/03\/laser05-160x160.jpg\" width=\"160\" height=\"160\" srcset=\"http:\/\/www.kunstprofil-gso.de\/wp-content\/uploads\/2014\/03\/laser05-160x160.jpg 160w, http:\/\/www.kunstprofil-gso.de\/wp-content\/uploads\/2014\/03\/laser05-200x200.jpg 200w, http:\/\/www.kunstprofil-gso.de\/wp-content\/uploads\/2014\/03\/laser05-624x624.jpg 624w, http:\/\/www.kunstprofil-gso.de\/wp-content\/uploads\/2014\/03\/laser05.jpg 1500w\" sizes=\"auto, (max-width: 160px) 100vw, 160px\" \/><\/a> <a href=\"http:\/\/www.kunstprofil-gso.de\/wp-content\/uploads\/2014\/03\/laser06.jpg\" rel=\"wpdevart_lightbox\"><img loading=\"lazy\" decoding=\"async\" class=\"alignleft size-thumbnail wp-image-1395\" alt=\"Exif_JPEG_PICTURE\" src=\"http:\/\/www.kunstprofil-gso.de\/wp-content\/uploads\/2014\/03\/laser06-160x160.jpg\" width=\"160\" height=\"160\" srcset=\"http:\/\/www.kunstprofil-gso.de\/wp-content\/uploads\/2014\/03\/laser06-160x160.jpg 160w, http:\/\/www.kunstprofil-gso.de\/wp-content\/uploads\/2014\/03\/laser06-200x200.jpg 200w, http:\/\/www.kunstprofil-gso.de\/wp-content\/uploads\/2014\/03\/laser06-624x624.jpg 624w, http:\/\/www.kunstprofil-gso.de\/wp-content\/uploads\/2014\/03\/laser06.jpg 1500w\" sizes=\"auto, (max-width: 160px) 100vw, 160px\" \/><\/a> <a href=\"http:\/\/www.kunstprofil-gso.de\/wp-content\/uploads\/2014\/03\/laser07.jpg\" rel=\"wpdevart_lightbox\"><img loading=\"lazy\" decoding=\"async\" class=\"alignleft size-thumbnail wp-image-1396\" alt=\"Exif_JPEG_PICTURE\" src=\"http:\/\/www.kunstprofil-gso.de\/wp-content\/uploads\/2014\/03\/laser07-160x160.jpg\" width=\"160\" height=\"160\" srcset=\"http:\/\/www.kunstprofil-gso.de\/wp-content\/uploads\/2014\/03\/laser07-160x160.jpg 160w, http:\/\/www.kunstprofil-gso.de\/wp-content\/uploads\/2014\/03\/laser07-200x200.jpg 200w, http:\/\/www.kunstprofil-gso.de\/wp-content\/uploads\/2014\/03\/laser07-624x624.jpg 624w, http:\/\/www.kunstprofil-gso.de\/wp-content\/uploads\/2014\/03\/laser07.jpg 1500w\" sizes=\"auto, (max-width: 160px) 100vw, 160px\" \/><\/a> <a href=\"http:\/\/www.kunstprofil-gso.de\/wp-content\/uploads\/2014\/03\/laser08.jpg\" rel=\"wpdevart_lightbox\"><img loading=\"lazy\" decoding=\"async\" class=\"alignleft size-thumbnail wp-image-1397\" alt=\"Exif_JPEG_PICTURE\" src=\"http:\/\/www.kunstprofil-gso.de\/wp-content\/uploads\/2014\/03\/laser08-160x160.jpg\" width=\"160\" height=\"160\" srcset=\"http:\/\/www.kunstprofil-gso.de\/wp-content\/uploads\/2014\/03\/laser08-160x160.jpg 160w, http:\/\/www.kunstprofil-gso.de\/wp-content\/uploads\/2014\/03\/laser08-200x200.jpg 200w, http:\/\/www.kunstprofil-gso.de\/wp-content\/uploads\/2014\/03\/laser08-624x624.jpg 624w, http:\/\/www.kunstprofil-gso.de\/wp-content\/uploads\/2014\/03\/laser08.jpg 1500w\" sizes=\"auto, (max-width: 160px) 100vw, 160px\" \/><\/a> <a href=\"http:\/\/www.kunstprofil-gso.de\/wp-content\/uploads\/2014\/03\/laser09.jpg\" rel=\"wpdevart_lightbox\"><img loading=\"lazy\" decoding=\"async\" class=\"alignleft size-thumbnail wp-image-1398\" alt=\"Exif_JPEG_PICTURE\" src=\"http:\/\/www.kunstprofil-gso.de\/wp-content\/uploads\/2014\/03\/laser09-160x160.jpg\" width=\"160\" height=\"160\" srcset=\"http:\/\/www.kunstprofil-gso.de\/wp-content\/uploads\/2014\/03\/laser09-160x160.jpg 160w, http:\/\/www.kunstprofil-gso.de\/wp-content\/uploads\/2014\/03\/laser09-200x200.jpg 200w, http:\/\/www.kunstprofil-gso.de\/wp-content\/uploads\/2014\/03\/laser09-624x624.jpg 624w, http:\/\/www.kunstprofil-gso.de\/wp-content\/uploads\/2014\/03\/laser09.jpg 1500w\" sizes=\"auto, (max-width: 160px) 100vw, 160px\" \/><\/a> <a href=\"http:\/\/www.kunstprofil-gso.de\/wp-content\/uploads\/2014\/03\/laser10.jpg\" rel=\"wpdevart_lightbox\"><img loading=\"lazy\" decoding=\"async\" class=\"alignleft size-thumbnail wp-image-1399\" alt=\"Exif_JPEG_PICTURE\" src=\"http:\/\/www.kunstprofil-gso.de\/wp-content\/uploads\/2014\/03\/laser10-160x160.jpg\" width=\"160\" height=\"160\" srcset=\"http:\/\/www.kunstprofil-gso.de\/wp-content\/uploads\/2014\/03\/laser10-160x160.jpg 160w, http:\/\/www.kunstprofil-gso.de\/wp-content\/uploads\/2014\/03\/laser10-200x200.jpg 200w, http:\/\/www.kunstprofil-gso.de\/wp-content\/uploads\/2014\/03\/laser10-624x624.jpg 624w, http:\/\/www.kunstprofil-gso.de\/wp-content\/uploads\/2014\/03\/laser10.jpg 1500w\" sizes=\"auto, (max-width: 160px) 100vw, 160px\" \/><\/a><\/p>\n","protected":false},"excerpt":{"rendered":"<p>&nbsp; Wir waren dabei uns vor der T\u00fcr zu lasern als ganz auf einmal total mega super pl\u00f6tzlich und unerwartet Herr Ru\u00dfek herein gest\u00fcrmt kam. Die Kamera stand ausnahmsweise einmal richtig und nun war das nicht mehr so. Das Problem war zum Gl\u00fcck schnell wieder behoben. Und nach dem der Schreck \u00fcberstanden war und ich [&hellip;]<\/p>\n","protected":false},"author":1,"featured_media":1391,"comment_status":"open","ping_status":"open","sticky":false,"template":"","format":"standard","meta":{"footnotes":""},"categories":[9,6],"tags":[],"class_list":["post-1389","post","type-post","status-publish","format-standard","has-post-thumbnail","hentry","category-10-2","category-koerperkunst"],"_links":{"self":[{"href":"http:\/\/www.kunstprofil-gso.de\/index.php?rest_route=\/wp\/v2\/posts\/1389","targetHints":{"allow":["GET"]}}],"collection":[{"href":"http:\/\/www.kunstprofil-gso.de\/index.php?rest_route=\/wp\/v2\/posts"}],"about":[{"href":"http:\/\/www.kunstprofil-gso.de\/index.php?rest_route=\/wp\/v2\/types\/post"}],"author":[{"embeddable":true,"href":"http:\/\/www.kunstprofil-gso.de\/index.php?rest_route=\/wp\/v2\/users\/1"}],"replies":[{"embeddable":true,"href":"http:\/\/www.kunstprofil-gso.de\/index.php?rest_route=%2Fwp%2Fv2%2Fcomments&post=1389"}],"version-history":[{"count":1,"href":"http:\/\/www.kunstprofil-gso.de\/index.php?rest_route=\/wp\/v2\/posts\/1389\/revisions"}],"predecessor-version":[{"id":1400,"href":"http:\/\/www.kunstprofil-gso.de\/index.php?rest_route=\/wp\/v2\/posts\/1389\/revisions\/1400"}],"wp:featuredmedia":[{"embeddable":true,"href":"http:\/\/www.kunstprofil-gso.de\/index.php?rest_route=\/wp\/v2\/media\/1391"}],"wp:attachment":[{"href":"http:\/\/www.kunstprofil-gso.de\/index.php?rest_route=%2Fwp%2Fv2%2Fmedia&parent=1389"}],"wp:term":[{"taxonomy":"category","embeddable":true,"href":"http:\/\/www.kunstprofil-gso.de\/index.php?rest_route=%2Fwp%2Fv2%2Fcategories&post=1389"},{"taxonomy":"post_tag","embeddable":true,"href":"http:\/\/www.kunstprofil-gso.de\/index.php?rest_route=%2Fwp%2Fv2%2Ftags&post=1389"}],"curies":[{"name":"wp","href":"https:\/\/api.w.org\/{rel}","templated":true}]}}