{"id":1248,"date":"2014-03-21T08:40:52","date_gmt":"2014-03-21T07:40:52","guid":{"rendered":"http:\/\/www.kunstprofil-gso.de\/?p=1248"},"modified":"2014-03-21T08:43:24","modified_gmt":"2014-03-21T07:43:24","slug":"monsterhaende","status":"publish","type":"post","link":"http:\/\/www.kunstprofil-gso.de\/?p=1248","title":{"rendered":"Monsterh\u00e4nde"},"content":{"rendered":"<p>Nachdem Julia und ich ebenfalls Julia m\u00fchsam unsere H\u00e4nde zu Monsterh\u00e4nden gegipst haben haben wir sie in einem dunklen Monster Versteck fotografiert was uns erm\u00f6glicht hat mit Beleuchtung zu arbeiten im laufe der Zeit fiel mir auf dass eine Kette im Weg liegt da fiel mir sofort ein dass man bestimmt tolle Fotos damit machen kann so entstand diese Fotoserie.<\/p>\n<p>Julia F.\/Julia G.<\/p>\n<p><a href=\"http:\/\/www.kunstprofil-gso.de\/wp-content\/uploads\/2014\/03\/juliaundjulia09.jpg\" rel=\"wpdevart_lightbox\"><img loading=\"lazy\" decoding=\"async\" class=\"alignleft size-thumbnail wp-image-1257\" alt=\"Exif_JPEG_PICTURE\" src=\"http:\/\/www.kunstprofil-gso.de\/wp-content\/uploads\/2014\/03\/juliaundjulia09-160x160.jpg\" width=\"160\" height=\"160\" \/><\/a> <a href=\"http:\/\/www.kunstprofil-gso.de\/wp-content\/uploads\/2014\/03\/juliaundjulia08.jpg\" rel=\"wpdevart_lightbox\"><img loading=\"lazy\" decoding=\"async\" class=\"alignleft size-thumbnail wp-image-1256\" alt=\"Exif_JPEG_PICTURE\" src=\"http:\/\/www.kunstprofil-gso.de\/wp-content\/uploads\/2014\/03\/juliaundjulia08-160x160.jpg\" width=\"160\" height=\"160\" \/><\/a> <a href=\"http:\/\/www.kunstprofil-gso.de\/wp-content\/uploads\/2014\/03\/juliaundjulia07.jpg\" rel=\"wpdevart_lightbox\"><img loading=\"lazy\" decoding=\"async\" class=\"alignleft size-thumbnail wp-image-1255\" alt=\"Exif_JPEG_PICTURE\" src=\"http:\/\/www.kunstprofil-gso.de\/wp-content\/uploads\/2014\/03\/juliaundjulia07-160x160.jpg\" width=\"160\" height=\"160\" \/><\/a> <a href=\"http:\/\/www.kunstprofil-gso.de\/wp-content\/uploads\/2014\/03\/juliaundjulia06.jpg\" rel=\"wpdevart_lightbox\"><img loading=\"lazy\" decoding=\"async\" class=\"alignleft size-thumbnail wp-image-1254\" alt=\"Exif_JPEG_PICTURE\" src=\"http:\/\/www.kunstprofil-gso.de\/wp-content\/uploads\/2014\/03\/juliaundjulia06-160x160.jpg\" width=\"160\" height=\"160\" \/><\/a> <a href=\"http:\/\/www.kunstprofil-gso.de\/wp-content\/uploads\/2014\/03\/juliaundjulia05.jpg\" rel=\"wpdevart_lightbox\"><img loading=\"lazy\" decoding=\"async\" class=\"alignleft size-thumbnail wp-image-1253\" alt=\"Exif_JPEG_PICTURE\" src=\"http:\/\/www.kunstprofil-gso.de\/wp-content\/uploads\/2014\/03\/juliaundjulia05-160x160.jpg\" width=\"160\" height=\"160\" \/><\/a> <a href=\"http:\/\/www.kunstprofil-gso.de\/wp-content\/uploads\/2014\/03\/juliaundjulia04.jpg\" rel=\"wpdevart_lightbox\"><img loading=\"lazy\" decoding=\"async\" class=\"alignleft size-thumbnail wp-image-1252\" alt=\"Exif_JPEG_PICTURE\" src=\"http:\/\/www.kunstprofil-gso.de\/wp-content\/uploads\/2014\/03\/juliaundjulia04-160x160.jpg\" width=\"160\" height=\"160\" \/><\/a> <a href=\"http:\/\/www.kunstprofil-gso.de\/wp-content\/uploads\/2014\/03\/juliaundjulia03.jpg\" rel=\"wpdevart_lightbox\"><img loading=\"lazy\" decoding=\"async\" class=\"alignleft size-thumbnail wp-image-1251\" alt=\"Exif_JPEG_PICTURE\" src=\"http:\/\/www.kunstprofil-gso.de\/wp-content\/uploads\/2014\/03\/juliaundjulia03-160x160.jpg\" width=\"160\" height=\"160\" \/><\/a> <a href=\"http:\/\/www.kunstprofil-gso.de\/wp-content\/uploads\/2014\/03\/juliaundjulia02.jpg\" rel=\"wpdevart_lightbox\"><img loading=\"lazy\" decoding=\"async\" class=\"alignleft size-thumbnail wp-image-1250\" alt=\"Exif_JPEG_PICTURE\" src=\"http:\/\/www.kunstprofil-gso.de\/wp-content\/uploads\/2014\/03\/juliaundjulia02-160x160.jpg\" width=\"160\" height=\"160\" \/><\/a> <a href=\"http:\/\/www.kunstprofil-gso.de\/wp-content\/uploads\/2014\/03\/juliaundjulia01.jpg\" rel=\"wpdevart_lightbox\"><img loading=\"lazy\" decoding=\"async\" class=\"alignleft size-thumbnail wp-image-1249\" alt=\"Exif_JPEG_PICTURE\" src=\"http:\/\/www.kunstprofil-gso.de\/wp-content\/uploads\/2014\/03\/juliaundjulia01-160x160.jpg\" width=\"160\" height=\"160\" \/><\/a><\/p>\n","protected":false},"excerpt":{"rendered":"<p>Nachdem Julia und ich ebenfalls Julia m\u00fchsam unsere H\u00e4nde zu Monsterh\u00e4nden gegipst haben haben wir sie in einem dunklen Monster Versteck fotografiert was uns erm\u00f6glicht hat mit Beleuchtung zu arbeiten im laufe der Zeit fiel mir auf dass eine Kette im Weg liegt da fiel mir sofort ein dass man bestimmt tolle Fotos damit machen [&hellip;]<\/p>\n","protected":false},"author":1,"featured_media":1260,"comment_status":"open","ping_status":"open","sticky":false,"template":"","format":"standard","meta":{"footnotes":""},"categories":[9,6],"tags":[],"class_list":["post-1248","post","type-post","status-publish","format-standard","has-post-thumbnail","hentry","category-10-2","category-koerperkunst"],"_links":{"self":[{"href":"http:\/\/www.kunstprofil-gso.de\/index.php?rest_route=\/wp\/v2\/posts\/1248","targetHints":{"allow":["GET"]}}],"collection":[{"href":"http:\/\/www.kunstprofil-gso.de\/index.php?rest_route=\/wp\/v2\/posts"}],"about":[{"href":"http:\/\/www.kunstprofil-gso.de\/index.php?rest_route=\/wp\/v2\/types\/post"}],"author":[{"embeddable":true,"href":"http:\/\/www.kunstprofil-gso.de\/index.php?rest_route=\/wp\/v2\/users\/1"}],"replies":[{"embeddable":true,"href":"http:\/\/www.kunstprofil-gso.de\/index.php?rest_route=%2Fwp%2Fv2%2Fcomments&post=1248"}],"version-history":[{"count":2,"href":"http:\/\/www.kunstprofil-gso.de\/index.php?rest_route=\/wp\/v2\/posts\/1248\/revisions"}],"predecessor-version":[{"id":1261,"href":"http:\/\/www.kunstprofil-gso.de\/index.php?rest_route=\/wp\/v2\/posts\/1248\/revisions\/1261"}],"wp:featuredmedia":[{"embeddable":true,"href":"http:\/\/www.kunstprofil-gso.de\/index.php?rest_route=\/wp\/v2\/media\/1260"}],"wp:attachment":[{"href":"http:\/\/www.kunstprofil-gso.de\/index.php?rest_route=%2Fwp%2Fv2%2Fmedia&parent=1248"}],"wp:term":[{"taxonomy":"category","embeddable":true,"href":"http:\/\/www.kunstprofil-gso.de\/index.php?rest_route=%2Fwp%2Fv2%2Fcategories&post=1248"},{"taxonomy":"post_tag","embeddable":true,"href":"http:\/\/www.kunstprofil-gso.de\/index.php?rest_route=%2Fwp%2Fv2%2Ftags&post=1248"}],"curies":[{"name":"wp","href":"https:\/\/api.w.org\/{rel}","templated":true}]}}