{"id":1233,"date":"2014-03-21T08:22:17","date_gmt":"2014-03-21T07:22:17","guid":{"rendered":"http:\/\/www.kunstprofil-gso.de\/?p=1233"},"modified":"2014-03-21T08:22:47","modified_gmt":"2014-03-21T07:22:47","slug":"stapeln-stapeln-stapeln","status":"publish","type":"post","link":"http:\/\/www.kunstprofil-gso.de\/?p=1233","title":{"rendered":"Stapeln, Stapeln, Stapeln"},"content":{"rendered":"<p>Heute haben wir uns \u00fcberall gestapelt sei es in der Mensa oder vorm Lehrerzimmer es wurde immer geschaut die Lehrer und Sch\u00fcler dachten wahrscheinlich dass wir verr\u00fcckt sind doch wir sind schon so lange an der Schule dass es uns nichts mehr ausmacht jede Ecke die wir fanden und f\u00fcr geeignet hielten wurde\u00a0 genutzt\u00a0doch nat\u00fcrlich lie\u00dfen wir es uns nicht nehmen wie Tarzan auf einem\u00a0 Baum zu klettern aber jetzt zu der Stapelei hier musste vor allem Iman\u00a0 extremes leisten denn sie hatte den untersten Platz in der Pyramide erhalten und hatte auch als die Fotos schon auf dem Computer waren noch R\u00fcckenschmerzen.<\/p>\n<p>Margarita, Memuna und Iman.<\/p>\n<p><a href=\"http:\/\/www.kunstprofil-gso.de\/wp-content\/uploads\/2014\/03\/imm01.jpg\" rel=\"wpdevart_lightbox\"><img loading=\"lazy\" decoding=\"async\" class=\"alignleft size-thumbnail wp-image-1234\" alt=\"imm01\" src=\"http:\/\/www.kunstprofil-gso.de\/wp-content\/uploads\/2014\/03\/imm01-160x160.jpg\" width=\"160\" height=\"160\" \/><\/a> <a href=\"http:\/\/www.kunstprofil-gso.de\/wp-content\/uploads\/2014\/03\/imm02.jpg\" rel=\"wpdevart_lightbox\"><img loading=\"lazy\" decoding=\"async\" class=\"alignleft size-thumbnail wp-image-1235\" alt=\"imm02\" src=\"http:\/\/www.kunstprofil-gso.de\/wp-content\/uploads\/2014\/03\/imm02-160x160.jpg\" width=\"160\" height=\"160\" \/><\/a> <a href=\"http:\/\/www.kunstprofil-gso.de\/wp-content\/uploads\/2014\/03\/imm03.jpg\" rel=\"wpdevart_lightbox\"><img loading=\"lazy\" decoding=\"async\" class=\"alignleft size-thumbnail wp-image-1236\" alt=\"imm03\" src=\"http:\/\/www.kunstprofil-gso.de\/wp-content\/uploads\/2014\/03\/imm03-160x160.jpg\" width=\"160\" height=\"160\" \/><\/a> <a href=\"http:\/\/www.kunstprofil-gso.de\/wp-content\/uploads\/2014\/03\/imm05.jpg\" rel=\"wpdevart_lightbox\"><img loading=\"lazy\" decoding=\"async\" class=\"alignleft size-thumbnail wp-image-1238\" alt=\"imm05\" src=\"http:\/\/www.kunstprofil-gso.de\/wp-content\/uploads\/2014\/03\/imm05-160x160.jpg\" width=\"160\" height=\"160\" \/><\/a> <a href=\"http:\/\/www.kunstprofil-gso.de\/wp-content\/uploads\/2014\/03\/imm06.jpg\" rel=\"wpdevart_lightbox\"><img loading=\"lazy\" decoding=\"async\" class=\"alignleft size-thumbnail wp-image-1239\" alt=\"imm06\" src=\"http:\/\/www.kunstprofil-gso.de\/wp-content\/uploads\/2014\/03\/imm06-160x160.jpg\" width=\"160\" height=\"160\" \/><\/a> <a href=\"http:\/\/www.kunstprofil-gso.de\/wp-content\/uploads\/2014\/03\/imm07.jpg\" rel=\"wpdevart_lightbox\"><img loading=\"lazy\" decoding=\"async\" class=\"alignleft size-thumbnail wp-image-1240\" alt=\"imm07\" src=\"http:\/\/www.kunstprofil-gso.de\/wp-content\/uploads\/2014\/03\/imm07-160x160.jpg\" width=\"160\" height=\"160\" \/><\/a> <a href=\"http:\/\/www.kunstprofil-gso.de\/wp-content\/uploads\/2014\/03\/imm08.jpg\" rel=\"wpdevart_lightbox\"><img loading=\"lazy\" decoding=\"async\" class=\"alignleft size-thumbnail wp-image-1241\" alt=\"imm08\" src=\"http:\/\/www.kunstprofil-gso.de\/wp-content\/uploads\/2014\/03\/imm08-160x160.jpg\" width=\"160\" height=\"160\" \/><\/a> <a href=\"http:\/\/www.kunstprofil-gso.de\/wp-content\/uploads\/2014\/03\/imm09.jpg\" rel=\"wpdevart_lightbox\"><img loading=\"lazy\" decoding=\"async\" class=\"alignleft size-thumbnail wp-image-1242\" alt=\"imm09\" src=\"http:\/\/www.kunstprofil-gso.de\/wp-content\/uploads\/2014\/03\/imm09-160x160.jpg\" width=\"160\" height=\"160\" \/><\/a> <a href=\"http:\/\/www.kunstprofil-gso.de\/wp-content\/uploads\/2014\/03\/imm11.jpg\" rel=\"wpdevart_lightbox\"><img loading=\"lazy\" decoding=\"async\" class=\"alignleft size-thumbnail wp-image-1244\" alt=\"imm11\" src=\"http:\/\/www.kunstprofil-gso.de\/wp-content\/uploads\/2014\/03\/imm11-160x160.jpg\" width=\"160\" height=\"160\" \/><\/a><\/p>\n","protected":false},"excerpt":{"rendered":"<p>Heute haben wir uns \u00fcberall gestapelt sei es in der Mensa oder vorm Lehrerzimmer es wurde immer geschaut die Lehrer und Sch\u00fcler dachten wahrscheinlich dass wir verr\u00fcckt sind doch wir sind schon so lange an der Schule dass es uns nichts mehr ausmacht jede Ecke die wir fanden und f\u00fcr geeignet hielten wurde\u00a0 genutzt\u00a0doch nat\u00fcrlich [&hellip;]<\/p>\n","protected":false},"author":1,"featured_media":1237,"comment_status":"open","ping_status":"open","sticky":false,"template":"","format":"standard","meta":{"footnotes":""},"categories":[9,6],"tags":[],"class_list":["post-1233","post","type-post","status-publish","format-standard","has-post-thumbnail","hentry","category-10-2","category-koerperkunst"],"_links":{"self":[{"href":"http:\/\/www.kunstprofil-gso.de\/index.php?rest_route=\/wp\/v2\/posts\/1233","targetHints":{"allow":["GET"]}}],"collection":[{"href":"http:\/\/www.kunstprofil-gso.de\/index.php?rest_route=\/wp\/v2\/posts"}],"about":[{"href":"http:\/\/www.kunstprofil-gso.de\/index.php?rest_route=\/wp\/v2\/types\/post"}],"author":[{"embeddable":true,"href":"http:\/\/www.kunstprofil-gso.de\/index.php?rest_route=\/wp\/v2\/users\/1"}],"replies":[{"embeddable":true,"href":"http:\/\/www.kunstprofil-gso.de\/index.php?rest_route=%2Fwp%2Fv2%2Fcomments&post=1233"}],"version-history":[{"count":2,"href":"http:\/\/www.kunstprofil-gso.de\/index.php?rest_route=\/wp\/v2\/posts\/1233\/revisions"}],"predecessor-version":[{"id":1247,"href":"http:\/\/www.kunstprofil-gso.de\/index.php?rest_route=\/wp\/v2\/posts\/1233\/revisions\/1247"}],"wp:featuredmedia":[{"embeddable":true,"href":"http:\/\/www.kunstprofil-gso.de\/index.php?rest_route=\/wp\/v2\/media\/1237"}],"wp:attachment":[{"href":"http:\/\/www.kunstprofil-gso.de\/index.php?rest_route=%2Fwp%2Fv2%2Fmedia&parent=1233"}],"wp:term":[{"taxonomy":"category","embeddable":true,"href":"http:\/\/www.kunstprofil-gso.de\/index.php?rest_route=%2Fwp%2Fv2%2Fcategories&post=1233"},{"taxonomy":"post_tag","embeddable":true,"href":"http:\/\/www.kunstprofil-gso.de\/index.php?rest_route=%2Fwp%2Fv2%2Ftags&post=1233"}],"curies":[{"name":"wp","href":"https:\/\/api.w.org\/{rel}","templated":true}]}}