{"id":10401,"date":"2026-01-26T09:01:13","date_gmt":"2026-01-26T08:01:13","guid":{"rendered":"http:\/\/www.kunstprofil-gso.de\/?p=10401"},"modified":"2026-01-26T09:01:13","modified_gmt":"2026-01-26T08:01:13","slug":"grosses-projekt","status":"publish","type":"post","link":"http:\/\/www.kunstprofil-gso.de\/?p=10401","title":{"rendered":"Grosses Projekt!"},"content":{"rendered":"<p>&#8230;mit kleinen P\u00e4ckchen: Ein F\u00e4cher-\u00fcbergreifendes, Jahrgangs-\u00fcbergreifendes Projekt. Vom Kleid &#x1f457; aus Durstl\u00f6schern, \u00fcber Memes, Gedichten bis zu seltsamen Skulpturen soll es zum \u201eEarth Day\u201c im April eine gr\u00f6\u00dfere Pr\u00e4sentation an unserer Schule geben. So wird hoffentlich ein gr\u00f6\u00dferes Bewusstsein f\u00fcr einen etwas achtsameren Umgang mit M\u00fcll &#x1f6ae; angesto\u00dfen.<\/p>\n<div style=\"width: 625px;\" class=\"wp-video\"><video class=\"wp-video-shortcode\" id=\"video-10401-1\" width=\"625\" height=\"352\" poster=\"http:\/\/www.kunstprofil-gso.de\/wp-content\/uploads\/2026\/01\/duloeanfmit-m4v-image.jpg\" preload=\"metadata\" controls=\"controls\"><source type=\"video\/mp4\" src=\"http:\/\/www.kunstprofil-gso.de\/wp-content\/uploads\/2026\/01\/duloeanfmit.m4v?_=1\" \/><a href=\"http:\/\/www.kunstprofil-gso.de\/wp-content\/uploads\/2026\/01\/duloeanfmit.m4v\">http:\/\/www.kunstprofil-gso.de\/wp-content\/uploads\/2026\/01\/duloeanfmit.m4v<\/a><\/video><\/div>\n<p><a href=\"http:\/\/www.kunstprofil-gso.de\/wp-content\/uploads\/2026\/01\/duloe-1-1-scaled.jpeg\" rel=\"wpdevart_lightbox\"><img loading=\"lazy\" decoding=\"async\" class=\"alignleft size-thumbnail wp-image-10404\" src=\"http:\/\/www.kunstprofil-gso.de\/wp-content\/uploads\/2026\/01\/duloe-1-1-180x180.jpeg\" alt=\"\" width=\"180\" height=\"180\" \/><\/a> <a href=\"http:\/\/www.kunstprofil-gso.de\/wp-content\/uploads\/2026\/01\/duloe-2-1-scaled.jpeg\" rel=\"wpdevart_lightbox\"><img loading=\"lazy\" decoding=\"async\" class=\"alignleft size-thumbnail wp-image-10406\" src=\"http:\/\/www.kunstprofil-gso.de\/wp-content\/uploads\/2026\/01\/duloe-2-1-180x180.jpeg\" alt=\"\" width=\"180\" height=\"180\" \/><\/a> <a href=\"http:\/\/www.kunstprofil-gso.de\/wp-content\/uploads\/2026\/01\/duloe-3-1-scaled.jpeg\" rel=\"wpdevart_lightbox\"><img loading=\"lazy\" decoding=\"async\" class=\"alignleft size-thumbnail wp-image-10407\" src=\"http:\/\/www.kunstprofil-gso.de\/wp-content\/uploads\/2026\/01\/duloe-3-1-180x180.jpeg\" alt=\"\" width=\"180\" height=\"180\" \/><\/a> <a href=\"http:\/\/www.kunstprofil-gso.de\/wp-content\/uploads\/2026\/01\/duloe-4-1-scaled.jpeg\" rel=\"wpdevart_lightbox\"><img loading=\"lazy\" decoding=\"async\" class=\"alignleft size-thumbnail wp-image-10408\" src=\"http:\/\/www.kunstprofil-gso.de\/wp-content\/uploads\/2026\/01\/duloe-4-1-180x180.jpeg\" alt=\"\" width=\"180\" height=\"180\" \/><\/a> <a href=\"http:\/\/www.kunstprofil-gso.de\/wp-content\/uploads\/2026\/01\/duloe-5-1.jpeg\" rel=\"wpdevart_lightbox\"><img loading=\"lazy\" decoding=\"async\" class=\"alignleft size-thumbnail wp-image-10409\" src=\"http:\/\/www.kunstprofil-gso.de\/wp-content\/uploads\/2026\/01\/duloe-5-1-180x180.jpeg\" alt=\"\" width=\"180\" height=\"180\" \/><\/a> <a href=\"http:\/\/www.kunstprofil-gso.de\/wp-content\/uploads\/2026\/01\/duloe-7-1-scaled.jpeg\" rel=\"wpdevart_lightbox\"><img loading=\"lazy\" decoding=\"async\" class=\"alignleft size-thumbnail wp-image-10411\" src=\"http:\/\/www.kunstprofil-gso.de\/wp-content\/uploads\/2026\/01\/duloe-7-1-180x180.jpeg\" alt=\"\" width=\"180\" height=\"180\" \/><\/a> <a href=\"http:\/\/www.kunstprofil-gso.de\/wp-content\/uploads\/2026\/01\/duloe-8.jpeg\" rel=\"wpdevart_lightbox\"><img loading=\"lazy\" decoding=\"async\" class=\"alignleft size-thumbnail wp-image-10412\" src=\"http:\/\/www.kunstprofil-gso.de\/wp-content\/uploads\/2026\/01\/duloe-8-180x180.jpeg\" alt=\"\" width=\"180\" height=\"180\" \/><\/a> <a href=\"http:\/\/www.kunstprofil-gso.de\/wp-content\/uploads\/2026\/01\/duloe-9.jpeg\" rel=\"wpdevart_lightbox\"><img loading=\"lazy\" decoding=\"async\" class=\"alignleft size-thumbnail wp-image-10413\" src=\"http:\/\/www.kunstprofil-gso.de\/wp-content\/uploads\/2026\/01\/duloe-9-180x180.jpeg\" alt=\"\" width=\"180\" height=\"180\" \/><\/a> <a href=\"http:\/\/www.kunstprofil-gso.de\/wp-content\/uploads\/2026\/01\/duloe-10.jpeg\" rel=\"wpdevart_lightbox\"><img loading=\"lazy\" decoding=\"async\" class=\"alignleft size-thumbnail wp-image-10414\" src=\"http:\/\/www.kunstprofil-gso.de\/wp-content\/uploads\/2026\/01\/duloe-10-180x180.jpeg\" alt=\"\" width=\"180\" height=\"180\" \/><\/a><\/p>\n","protected":false},"excerpt":{"rendered":"<p>&#8230;mit kleinen P\u00e4ckchen: Ein F\u00e4cher-\u00fcbergreifendes, Jahrgangs-\u00fcbergreifendes Projekt. Vom Kleid &#x1f457; aus Durstl\u00f6schern, \u00fcber Memes, Gedichten bis zu seltsamen Skulpturen soll es zum \u201eEarth Day\u201c im April eine gr\u00f6\u00dfere Pr\u00e4sentation an unserer Schule geben. So wird hoffentlich ein gr\u00f6\u00dferes Bewusstsein f\u00fcr einen etwas achtsameren Umgang mit M\u00fcll &#x1f6ae; angesto\u00dfen.<\/p>\n","protected":false},"author":1,"featured_media":10405,"comment_status":"open","ping_status":"open","sticky":false,"template":"","format":"standard","meta":{"footnotes":""},"categories":[1],"tags":[],"class_list":["post-10401","post","type-post","status-publish","format-standard","has-post-thumbnail","hentry","category-allgemein"],"_links":{"self":[{"href":"http:\/\/www.kunstprofil-gso.de\/index.php?rest_route=\/wp\/v2\/posts\/10401","targetHints":{"allow":["GET"]}}],"collection":[{"href":"http:\/\/www.kunstprofil-gso.de\/index.php?rest_route=\/wp\/v2\/posts"}],"about":[{"href":"http:\/\/www.kunstprofil-gso.de\/index.php?rest_route=\/wp\/v2\/types\/post"}],"author":[{"embeddable":true,"href":"http:\/\/www.kunstprofil-gso.de\/index.php?rest_route=\/wp\/v2\/users\/1"}],"replies":[{"embeddable":true,"href":"http:\/\/www.kunstprofil-gso.de\/index.php?rest_route=%2Fwp%2Fv2%2Fcomments&post=10401"}],"version-history":[{"count":1,"href":"http:\/\/www.kunstprofil-gso.de\/index.php?rest_route=\/wp\/v2\/posts\/10401\/revisions"}],"predecessor-version":[{"id":10415,"href":"http:\/\/www.kunstprofil-gso.de\/index.php?rest_route=\/wp\/v2\/posts\/10401\/revisions\/10415"}],"wp:featuredmedia":[{"embeddable":true,"href":"http:\/\/www.kunstprofil-gso.de\/index.php?rest_route=\/wp\/v2\/media\/10405"}],"wp:attachment":[{"href":"http:\/\/www.kunstprofil-gso.de\/index.php?rest_route=%2Fwp%2Fv2%2Fmedia&parent=10401"}],"wp:term":[{"taxonomy":"category","embeddable":true,"href":"http:\/\/www.kunstprofil-gso.de\/index.php?rest_route=%2Fwp%2Fv2%2Fcategories&post=10401"},{"taxonomy":"post_tag","embeddable":true,"href":"http:\/\/www.kunstprofil-gso.de\/index.php?rest_route=%2Fwp%2Fv2%2Ftags&post=10401"}],"curies":[{"name":"wp","href":"https:\/\/api.w.org\/{rel}","templated":true}]}}