{"id":1003,"date":"2014-03-12T08:38:15","date_gmt":"2014-03-12T07:38:15","guid":{"rendered":"http:\/\/www.kunstprofil-gso.de\/?p=1003"},"modified":"2014-03-16T12:54:14","modified_gmt":"2014-03-16T11:54:14","slug":"dunkle-gestalten","status":"publish","type":"post","link":"http:\/\/www.kunstprofil-gso.de\/?p=1003","title":{"rendered":"Die Masken Gruppe"},"content":{"rendered":"<p>Zum Schrecken der 5.Kl\u00e4ssler haben wir uns entschieden mit Maske und Umhang durch die Schule gelaufen.\u00a0Wie aus einem Horrorfilm entsprungen sind wir im Schneckentempo durch die Schule gelaufen und haben uns dabei von Luisa fotografieren lassen. \u00a0Die Reaktionen der anderen waren gemischt, manche Sch\u00fcler waren zwar zuerst schockiert als sie uns gesehen haben und haben uns mit einem Angstschrei begr\u00fc\u00dft, zum Gl\u00fcck lie\u00dfen sie sich nach einer Weile \u00fcberreden dass wir nicht gekommen waren um ihre Seelen zu holen und haben sich sogar mit uns fotografieren lassen.\u00a0Die 5.Kl\u00e4ssler starteten eine regelrechte Hetzjagt, wir hatten Gl\u00fcck dass wir sie irgendwann mal los geworden waren.<\/p>\n<p>Das Fazit ist kleine Kinder sind niedlich anzuschauen aber total nervig.<\/p>\n<p>Iman, Memuna und Margarita<br \/>\n<a href=\"http:\/\/www.kunstprofil-gso.de\/wp-content\/uploads\/2014\/03\/Im-Me-Ri15.jpg\" rel=\"wpdevart_lightbox\"><img loading=\"lazy\" decoding=\"async\" class=\"alignleft size-thumbnail wp-image-1012\" alt=\"Im Me Ri15\" src=\"http:\/\/www.kunstprofil-gso.de\/wp-content\/uploads\/2014\/03\/Im-Me-Ri15-150x150.jpg\" width=\"150\" height=\"150\" \/><\/a> <a href=\"http:\/\/www.kunstprofil-gso.de\/wp-content\/uploads\/2014\/03\/Im-Me-Ri14.jpg\" rel=\"wpdevart_lightbox\"><img loading=\"lazy\" decoding=\"async\" class=\"alignleft size-thumbnail wp-image-1011\" alt=\"Im Me Ri14\" src=\"http:\/\/www.kunstprofil-gso.de\/wp-content\/uploads\/2014\/03\/Im-Me-Ri14-150x150.jpg\" width=\"150\" height=\"150\" \/><\/a> <a href=\"http:\/\/www.kunstprofil-gso.de\/wp-content\/uploads\/2014\/03\/Im-Me-Ri13.jpg\" rel=\"wpdevart_lightbox\"><img loading=\"lazy\" decoding=\"async\" class=\"alignleft size-thumbnail wp-image-1010\" alt=\"Im Me Ri13\" src=\"http:\/\/www.kunstprofil-gso.de\/wp-content\/uploads\/2014\/03\/Im-Me-Ri13-150x150.jpg\" width=\"150\" height=\"150\" \/><\/a> <a href=\"http:\/\/www.kunstprofil-gso.de\/wp-content\/uploads\/2014\/03\/Im-Me-Ri21.jpg\" rel=\"wpdevart_lightbox\"><img loading=\"lazy\" decoding=\"async\" class=\"alignleft size-thumbnail wp-image-1009\" alt=\"Im Me Ri21\" src=\"http:\/\/www.kunstprofil-gso.de\/wp-content\/uploads\/2014\/03\/Im-Me-Ri21-150x150.jpg\" width=\"150\" height=\"150\" \/><\/a> <a href=\"http:\/\/www.kunstprofil-gso.de\/wp-content\/uploads\/2014\/03\/Im-Me-Ri20.jpg\" rel=\"wpdevart_lightbox\"><img loading=\"lazy\" decoding=\"async\" class=\"alignleft size-thumbnail wp-image-1008\" alt=\"Im Me Ri20\" src=\"http:\/\/www.kunstprofil-gso.de\/wp-content\/uploads\/2014\/03\/Im-Me-Ri20-150x150.jpg\" width=\"150\" height=\"150\" \/><\/a> <a href=\"http:\/\/www.kunstprofil-gso.de\/wp-content\/uploads\/2014\/03\/Im-Me-Ri19.jpg\" rel=\"wpdevart_lightbox\"><img loading=\"lazy\" decoding=\"async\" class=\"alignleft size-thumbnail wp-image-1007\" alt=\"Im Me Ri19\" src=\"http:\/\/www.kunstprofil-gso.de\/wp-content\/uploads\/2014\/03\/Im-Me-Ri19-150x150.jpg\" width=\"150\" height=\"150\" \/><\/a> <a href=\"http:\/\/www.kunstprofil-gso.de\/wp-content\/uploads\/2014\/03\/Im-Me-Ri18.jpg\" rel=\"wpdevart_lightbox\"><img loading=\"lazy\" decoding=\"async\" class=\"alignleft size-thumbnail wp-image-1006\" alt=\"Im Me Ri18\" src=\"http:\/\/www.kunstprofil-gso.de\/wp-content\/uploads\/2014\/03\/Im-Me-Ri18-150x150.jpg\" width=\"150\" height=\"150\" \/><\/a> <a href=\"http:\/\/www.kunstprofil-gso.de\/wp-content\/uploads\/2014\/03\/Im-Me-Ri17.jpg\" rel=\"wpdevart_lightbox\"><img loading=\"lazy\" decoding=\"async\" class=\"alignleft size-thumbnail wp-image-1005\" alt=\"Im Me Ri17\" src=\"http:\/\/www.kunstprofil-gso.de\/wp-content\/uploads\/2014\/03\/Im-Me-Ri17-150x150.jpg\" width=\"150\" height=\"150\" \/><\/a><\/p>\n","protected":false},"excerpt":{"rendered":"<p>Zum Schrecken der 5.Kl\u00e4ssler haben wir uns entschieden mit Maske und Umhang durch die Schule gelaufen.\u00a0Wie aus einem Horrorfilm entsprungen sind wir im Schneckentempo durch die Schule gelaufen und haben uns dabei von Luisa fotografieren lassen. \u00a0Die Reaktionen der anderen waren gemischt, manche Sch\u00fcler waren zwar zuerst schockiert als sie uns gesehen haben und haben [&hellip;]<\/p>\n","protected":false},"author":1,"featured_media":1013,"comment_status":"open","ping_status":"open","sticky":false,"template":"","format":"standard","meta":{"footnotes":""},"categories":[9,6],"tags":[],"class_list":["post-1003","post","type-post","status-publish","format-standard","has-post-thumbnail","hentry","category-10-2","category-koerperkunst"],"_links":{"self":[{"href":"http:\/\/www.kunstprofil-gso.de\/index.php?rest_route=\/wp\/v2\/posts\/1003","targetHints":{"allow":["GET"]}}],"collection":[{"href":"http:\/\/www.kunstprofil-gso.de\/index.php?rest_route=\/wp\/v2\/posts"}],"about":[{"href":"http:\/\/www.kunstprofil-gso.de\/index.php?rest_route=\/wp\/v2\/types\/post"}],"author":[{"embeddable":true,"href":"http:\/\/www.kunstprofil-gso.de\/index.php?rest_route=\/wp\/v2\/users\/1"}],"replies":[{"embeddable":true,"href":"http:\/\/www.kunstprofil-gso.de\/index.php?rest_route=%2Fwp%2Fv2%2Fcomments&post=1003"}],"version-history":[{"count":3,"href":"http:\/\/www.kunstprofil-gso.de\/index.php?rest_route=\/wp\/v2\/posts\/1003\/revisions"}],"predecessor-version":[{"id":1101,"href":"http:\/\/www.kunstprofil-gso.de\/index.php?rest_route=\/wp\/v2\/posts\/1003\/revisions\/1101"}],"wp:featuredmedia":[{"embeddable":true,"href":"http:\/\/www.kunstprofil-gso.de\/index.php?rest_route=\/wp\/v2\/media\/1013"}],"wp:attachment":[{"href":"http:\/\/www.kunstprofil-gso.de\/index.php?rest_route=%2Fwp%2Fv2%2Fmedia&parent=1003"}],"wp:term":[{"taxonomy":"category","embeddable":true,"href":"http:\/\/www.kunstprofil-gso.de\/index.php?rest_route=%2Fwp%2Fv2%2Fcategories&post=1003"},{"taxonomy":"post_tag","embeddable":true,"href":"http:\/\/www.kunstprofil-gso.de\/index.php?rest_route=%2Fwp%2Fv2%2Ftags&post=1003"}],"curies":[{"name":"wp","href":"https:\/\/api.w.org\/{rel}","templated":true}]}}